{"id":147890,"date":"2025-11-11T11:58:18","date_gmt":"2025-11-11T11:58:18","guid":{"rendered":"https:\/\/www.europesays.com\/pt\/147890\/"},"modified":"2025-11-11T11:58:18","modified_gmt":"2025-11-11T11:58:18","slug":"premio-msd-distingue-projeto-que-usa-realidade-virtual-para-reduzir-ansiedade-em-doentes-com-hipertensao-pulmonar","status":"publish","type":"post","link":"https:\/\/www.europesays.com\/pt\/147890\/","title":{"rendered":"Pr\u00e9mio MSD distingue projeto que usa realidade virtual para reduzir ansiedade em doentes com hipertens\u00e3o pulmonar"},"content":{"rendered":"<p>Um sistema de realidade virtual que adapta est\u00edmulos visuais e sonoros em tempo real, com base no eletroencefalograma, vai ser testado para reduzir a ansiedade em doentes com hipertens\u00e3o arterial pulmonar durante a realiza\u00e7\u00e3o de cateterismos card\u00edacos direitos. O projeto, liderado pelo Dr. Tiago Peixoto, da ULS de Santo Ant\u00f3nio, venceu a 7.\u00aa edi\u00e7\u00e3o do Pr\u00e9mio MSD de Investiga\u00e7\u00e3o em Sa\u00fade, que distinguiu ainda dois estudos sobre um substituto do sal para insufici\u00eancia card\u00edaca e um m\u00e9todo de imagem para dete\u00e7\u00e3o precoce de Alzheimer.<\/p>\n<p><img loading=\"lazy\" decoding=\"async\" class=\"alignnone size-full wp-image-311260\" src=\"https:\/\/www.europesays.com\/pt\/wp-content\/uploads\/2025\/11\/transp.png\" alt=\"\" width=\"1\" height=\"1\"\/><\/p>\n<p class=\"ds-markdown-paragraph\">Um projeto que prop\u00f5e o uso de realidade virtual para diminuir a ansiedade em doentes com hipertens\u00e3o arterial pulmonar submetidos a cateterismo card\u00edaco direito foi o grande vencedor da 7.\u00aa edi\u00e7\u00e3o do Pr\u00e9mio MSD de Investiga\u00e7\u00e3o em Sa\u00fade. A iniciativa, representada pelo Dr. Tiago Peixoto, m\u00e9dico interno de Cardiologia no hospital Santo Ant\u00f3nio, parte de um problema concreto: a elevada taxa de ansiedade e depress\u00e3o associada a esta condi\u00e7\u00e3o progressiva e potencialmente fatal, que afeta maioritariamente adultos jovens.<\/p>\n<p class=\"ds-markdown-paragraph\">O cateterismo card\u00edaco direito, sendo invasivo e realizado repetidamente, gera uma apreens\u00e3o significativa. E o recurso a ansiol\u00edticos convencionais \u00e9 desaconselhado, pois pode interferir com a fiabilidade dos resultados hemodin\u00e2micos obtidos. \u00c9 nesta fratura entre o bem-estar do doente e a precis\u00e3o diagn\u00f3stica que o projeto se insere, propondo um ensaio cl\u00ednico randomizado e pragm\u00e1tico. O sistema em avalia\u00e7\u00e3o combina ambientes imersivos em realidade virtual com a monitoriza\u00e7\u00e3o neurofisiol\u00f3gica atrav\u00e9s de eletroencefalograma. Os sinais cerebrais s\u00e3o usados para ajustar dinamicamente os est\u00edmulos sensoriais, criando uma experi\u00eancia neuroadaptativa.<\/p>\n<p class=\"ds-markdown-paragraph\">Para al\u00e9m do projeto vencedor, foram atribu\u00eddas duas Men\u00e7\u00f5es Honrosas. Uma delas vai para um estudo da Faculdade de Medicina da Universidade do Porto, representado pela Dra. Paula Matias, que pretende avaliar a seguran\u00e7a e efic\u00e1cia de um substituto do sal enriquecido com pot\u00e1ssio em doentes com insufici\u00eancia card\u00edaca. Designado SWAP-SALT-HF, este ensaio cl\u00ednico randomizado e duplamente cego procura responder a uma lacuna: a falta de evid\u00eancia robusta sobre o uso destes produtos numa popula\u00e7\u00e3o de alto risco, onde o consumo de sal \u00e9 um fator agravante.<\/p>\n<p class=\"ds-markdown-paragraph\">A outra men\u00e7\u00e3o distingue um trabalho do mesmo centro do projeto vencedor, a ULS de Santo Ant\u00f3nio, liderado pelo Dr. Francisco Almeida. O foco aqui desliza para o campo das neuroci\u00eancias, utilizando uma t\u00e9cnica de resson\u00e2ncia magn\u00e9tica espec\u00edfica \u2013 a imagem de neuromelanina \u2013 para detetar altera\u00e7\u00f5es precoces no\u00a0locus coeruleus\u00a0e na\u00a0substantia nigra. Estas pequenas estruturas do tronco cerebral s\u00e3o afetadas nas fases iniciais da doen\u00e7a de Alzheimer e da patologia de corpos de Lewy. O objetivo \u00e9 encontrar correla\u00e7\u00f5es entre a integridade destas \u00e1reas e biomarcadores conhecidos, abrindo portas a um diagn\u00f3stico mais precoce e preciso.<\/p>\n<p class=\"ds-markdown-paragraph\">Criado em 2019, o Pr\u00e9mio MSD de Investiga\u00e7\u00e3o em Sa\u00fade visa apoiar a concretiza\u00e7\u00e3o de protocolos de investiga\u00e7\u00e3o com potencial impacto na melhoria dos cuidados de sa\u00fade em Portugal, desenvolvidos por equipas que integram m\u00e9dicos internos e especialistas.<\/p>\n<p>PR\/HN<\/p>\n<p>Outros artigos com interesse:<\/p>\n","protected":false},"excerpt":{"rendered":"Um sistema de realidade virtual que adapta est\u00edmulos visuais e sonoros em tempo real, com base no eletroencefalograma,&hellip;\n","protected":false},"author":2,"featured_media":147891,"comment_status":"","ping_status":"","sticky":false,"template":"","format":"standard","meta":{"footnotes":""},"categories":[86],"tags":[116,32,33,117],"class_list":{"0":"post-147890","1":"post","2":"type-post","3":"status-publish","4":"format-standard","5":"has-post-thumbnail","7":"category-saude","8":"tag-health","9":"tag-portugal","10":"tag-pt","11":"tag-saude"},"share_on_mastodon":{"url":"https:\/\/pubeurope.com\/@pt\/115530950770084876","error":""},"_links":{"self":[{"href":"https:\/\/www.europesays.com\/pt\/wp-json\/wp\/v2\/posts\/147890","targetHints":{"allow":["GET"]}}],"collection":[{"href":"https:\/\/www.europesays.com\/pt\/wp-json\/wp\/v2\/posts"}],"about":[{"href":"https:\/\/www.europesays.com\/pt\/wp-json\/wp\/v2\/types\/post"}],"author":[{"embeddable":true,"href":"https:\/\/www.europesays.com\/pt\/wp-json\/wp\/v2\/users\/2"}],"replies":[{"embeddable":true,"href":"https:\/\/www.europesays.com\/pt\/wp-json\/wp\/v2\/comments?post=147890"}],"version-history":[{"count":0,"href":"https:\/\/www.europesays.com\/pt\/wp-json\/wp\/v2\/posts\/147890\/revisions"}],"wp:featuredmedia":[{"embeddable":true,"href":"https:\/\/www.europesays.com\/pt\/wp-json\/wp\/v2\/media\/147891"}],"wp:attachment":[{"href":"https:\/\/www.europesays.com\/pt\/wp-json\/wp\/v2\/media?parent=147890"}],"wp:term":[{"taxonomy":"category","embeddable":true,"href":"https:\/\/www.europesays.com\/pt\/wp-json\/wp\/v2\/categories?post=147890"},{"taxonomy":"post_tag","embeddable":true,"href":"https:\/\/www.europesays.com\/pt\/wp-json\/wp\/v2\/tags?post=147890"}],"curies":[{"name":"wp","href":"https:\/\/api.w.org\/{rel}","templated":true}]}}