{"id":147896,"date":"2025-11-11T12:01:22","date_gmt":"2025-11-11T12:01:22","guid":{"rendered":"https:\/\/www.europesays.com\/pt\/147896\/"},"modified":"2025-11-11T12:01:22","modified_gmt":"2025-11-11T12:01:22","slug":"dinamarqueses-avancam-para-projeto-de-baterias-em-sines","status":"publish","type":"post","link":"https:\/\/www.europesays.com\/pt\/147896\/","title":{"rendered":"Dinamarqueses avan\u00e7am para projeto de baterias em Sines"},"content":{"rendered":"<p>        A companhia tem um projeto para construir uma f\u00e1brica de componentes de baterias em Sines e j\u00e1 tem fundos europeus dispon\u00edveis.    <\/p>\n<p>O ano de 1940 foi tr\u00e1gico para a Europa. A m\u00e1quina de guerra nazi avan\u00e7ava sem parar por todo o continente. Em abril desse ano. a Dinamarca acabaria por ser invadida. Um jovem engenheiro foi apanhado pelo \u2018blitzkrieg\u2019 nazi.<\/p>\n<p>Haldor Topsoe preparava-se para abandonar o pa\u00eds umas semanas antes com a sua fam\u00edlia rumo aos EUA, onde at\u00e9 j\u00e1 tinha trabalho numa das maiores qu\u00edmicas mundiais, mas as crian\u00e7as apanharam pneumonia e a partida foi adiada. Impedido de sair, acabou por fundar a sua pr\u00f3pria empresa a 10 de abril de 1940, um dia depois da invas\u00e3o pelo Terceiro Reich do pa\u00eds escandinavo.<\/p>\n<p>Agora, 65 anos depois da sua funda\u00e7\u00e3o, os dinamarqueses da Topsoe est\u00e3o a preparar um investimento numa f\u00e1brica de componentes para baterias de l\u00edtio em Sines, sabe o JE.<\/p>\n<p>O projeto NextGen Cam vai fabricar c\u00e1todos para equipar as baterias de i\u00f5es de l\u00edtio para carros el\u00e9tricos e para armazenamento de energia.<\/p>\n<p>O processo tem estado envolvido no maior secretismo com os dinamarqueses a preferirem a maior discri\u00e7\u00e3o poss\u00edvel, uma das suas marcas de \u00e1gua e \u00e0 boa maneira escandinava, pois \u00e9 assim que acreditam que devem ser feitos os neg\u00f3cios.<\/p>\n<p>O projeto \u00e9 mais um da fileira do l\u00edtio em Sines, a par do projeto dos chineses da CALB que preveem investir dois mil milh\u00f5es de euros numa fabrica de baterias em Sines.<\/p>\n<p>\u201cO\u00a0 Nextgen Cam quer satisfazer a futura procura de baterias da Uni\u00e3o Europeia atrav\u00e9s do c\u00e1todo LNMO [l\u00edtio-n\u00edquel-mangan\u00eas] sem cobalto utilizado nas baterias de i\u00f5es de l\u00edtio para carros el\u00e9tricos e para armazenamento de energia\u201d, segundo o comunicado divulgado na Comiss\u00e3o Europeia na semana passada.<\/p>\n<p>O JE colocou v\u00e1rias perguntas \u00e0 Topsoe sobre este investimento, mas n\u00e3o obteve resposta.<\/p>\n<p>Atualmente, existem dois tipos de baterias de i\u00f5es de l\u00edtio: n\u00edquel, cobalto e mangan\u00eas (NCM) e fosfato de ferro e l\u00edtio (LFP).<\/p>\n<p>\u201cPorque as reservas de n\u00edquel e de l\u00edtio s\u00e3o limitadas, acreditamos que devem ser aproveitadas ao m\u00e1ximo desde uma perspectiva de custos e de recursos\u201d, segundo a companhia. \u201cO LNMO entrega performance a par com baterias de i\u00f5es de l\u00edtio com n\u00edquel de qualidade, mas com um custo muito mais baixo e com benef\u00edcios ambientais na cadeia de abastecimento\u201d.<\/p>\n<p>A companhia, que n\u00e3o \u00e9 cotada, gerou receitas de quase 8,4 mil milh\u00f5es de coroas dinamarquesas (1,12 mil milh\u00f5es de euros) e para este ano espera receitas de 1,178-1,298 mil milh\u00f5es de euros.<\/p>\n<p>A Topsoe \u00e9 detida pela fam\u00edlia Topsoe com quase 68% do capital, com o restante a ser detido pela Dahlia Investment, que pertence \u00e0 Temasek de Singapura.<\/p>\n<p>A Topsoe come\u00e7ou por ser uma consultora de engenharia, mas evoluiu para uma companhia qu\u00edmica ao longo dos anos, com a procura por fertilizantes a disparar ap\u00f3s a Segunda Guerra Mundial.<\/p>\n<p>Em meados da d\u00e9cada de 50, controlava 30% do mercado global de am\u00f3nia, sem contar com a URSS e a China.<\/p>\n<p>Reconhecido como o \u2018Engenheiro do S\u00e9culo\u2019 em 1999 pela Sociedade Dinamarquesa de Engenheiros, Haldor Topsoe acabou por morrer em 2013, com 99 anos de idade.<\/p>\n<p>A companhia tem vindo a evoluir para novas \u00e1reas de neg\u00f3cio como o hidrog\u00e9nio verde ou combust\u00edveis sustent\u00e1veis, mas continua a produzir catalisadores para refinarias, qu\u00edmicas ou redu\u00e7\u00e3o de emiss\u00f5es.<\/p>\n<p>A Comiss\u00e3o Europeia anunciou recentemente que o projeto de Sines foi um dos 61 que v\u00e3o receber 2,9 mil milh\u00f5es de\u00a0 financiamento europeu em diversos pa\u00edses. Foi o \u00fanico projeto nacional a receber fundos nesta ronda do Fundo de Inova\u00e7\u00e3o.<\/p>\n","protected":false},"excerpt":{"rendered":"A companhia tem um projeto para construir uma f\u00e1brica de componentes de baterias em Sines e j\u00e1 tem&hellip;\n","protected":false},"author":2,"featured_media":147897,"comment_status":"","ping_status":"","sticky":false,"template":"","format":"standard","meta":{"footnotes":""},"categories":[83],"tags":[307,88,4639,89,90,7084,32,33,6746,32300],"class_list":{"0":"post-147896","1":"post","2":"type-post","3":"status-publish","4":"format-standard","5":"has-post-thumbnail","7":"category-empresas","8":"tag-baterias","9":"tag-business","10":"tag-dinamarca","11":"tag-economy","12":"tag-empresas","13":"tag-litio","14":"tag-portugal","15":"tag-pt","16":"tag-sines","17":"tag-topsoe"},"share_on_mastodon":{"url":"https:\/\/pubeurope.com\/@pt\/115530962246126285","error":""},"_links":{"self":[{"href":"https:\/\/www.europesays.com\/pt\/wp-json\/wp\/v2\/posts\/147896","targetHints":{"allow":["GET"]}}],"collection":[{"href":"https:\/\/www.europesays.com\/pt\/wp-json\/wp\/v2\/posts"}],"about":[{"href":"https:\/\/www.europesays.com\/pt\/wp-json\/wp\/v2\/types\/post"}],"author":[{"embeddable":true,"href":"https:\/\/www.europesays.com\/pt\/wp-json\/wp\/v2\/users\/2"}],"replies":[{"embeddable":true,"href":"https:\/\/www.europesays.com\/pt\/wp-json\/wp\/v2\/comments?post=147896"}],"version-history":[{"count":0,"href":"https:\/\/www.europesays.com\/pt\/wp-json\/wp\/v2\/posts\/147896\/revisions"}],"wp:featuredmedia":[{"embeddable":true,"href":"https:\/\/www.europesays.com\/pt\/wp-json\/wp\/v2\/media\/147897"}],"wp:attachment":[{"href":"https:\/\/www.europesays.com\/pt\/wp-json\/wp\/v2\/media?parent=147896"}],"wp:term":[{"taxonomy":"category","embeddable":true,"href":"https:\/\/www.europesays.com\/pt\/wp-json\/wp\/v2\/categories?post=147896"},{"taxonomy":"post_tag","embeddable":true,"href":"https:\/\/www.europesays.com\/pt\/wp-json\/wp\/v2\/tags?post=147896"}],"curies":[{"name":"wp","href":"https:\/\/api.w.org\/{rel}","templated":true}]}}