{"id":147898,"date":"2025-11-11T12:04:09","date_gmt":"2025-11-11T12:04:09","guid":{"rendered":"https:\/\/www.europesays.com\/pt\/147898\/"},"modified":"2025-11-11T12:04:09","modified_gmt":"2025-11-11T12:04:09","slug":"ate-dezembro-julgamento-da-operacao-marques-suspenso-para-socrates-constituir-advogado","status":"publish","type":"post","link":"https:\/\/www.europesays.com\/pt\/147898\/","title":{"rendered":"At\u00e9 dezembro. Julgamento da Opera\u00e7\u00e3o Marqu\u00eas suspenso para S\u00f3crates constituir advogado"},"content":{"rendered":"<p>&#13;<br \/>\nNo despacho proferido esta ter\u00e7a-feira, <b>a ju\u00edza-presidente do coletivo, Susana Seca, determinou tamb\u00e9m o termo do mandato do advogado oficioso anteriormente nomeado para defender Jos\u00e9 S\u00f3crates<\/b>, na sequ\u00eancia da ren\u00fancia, a 4 de novembro, de Pedro Delille.&#13;\n<\/p>\n<p>O advogado oficioso, entretanto dispensado pelo antigo primeiro-ministro, j\u00e1 reagiu. <b>&#8220;Eu fiz o meu trabalho e acho que o fiz bem&#8221;<\/b>, afirmou.<\/p>\n<p>O antigo primeiro-ministro recusou Jos\u00e9 Ramos, afirmando que este advogado, cego, n\u00e3o o poderia representar por n\u00e3o ser capaz de acompanhar a exibi\u00e7\u00e3o de documentos. <b>O advogado garante n\u00e3o estar ofendido com as declara\u00e7\u00f5es de S\u00f3crates e considera que o cliente &#8220;n\u00e3o mostra muito conhecimento&#8221;<\/b>:<b> <\/b>&#8220;\u00c9 uma afirma\u00e7\u00e3o natural, como qualquer outra&#8221;.O advogado n\u00e3o comentou as cr\u00edticas de S\u00f3crates e disse apenas que existe &#8220;liberdade de express\u00e3o em Portugal&#8221;. &#8220;Cada um diz aquilo que entende&#8221;.<br \/>&#13;<br \/>\n&#13;\n<\/p>\n<p>Sobre a decis\u00e3o de suspens\u00e3o do julgamento, Jos\u00e9 Ramos respondeu aos jornalistas que<b> o tribunal considerou que o &#8220;assunto era complexo e que suscitava algumas d\u00favidas&#8221;, decidindo por isso &#8220;inverter a situa\u00e7\u00e3o&#8221; at\u00e9 porque Jos\u00e9 S\u00f3crates anunciou que iria apresentar outro advogado.<\/b><\/p>\n<p>Jos\u00e9 Ramos assumiu ainda estar confort\u00e1vel com a decis\u00e3o.<br \/>&#13;<br \/>\n<b><br \/>&#13;<br \/>\n&#8220;Cumpri o meu servi\u00e7o, aquilo para que fui nomeado<\/b>&#8220;, disse \u00e0 porta do Campus de Justi\u00e7a,<b> embora tenha sido &#8220;muito dif\u00edcil&#8221; contactar com o cliente.<br \/>&#13;<br \/>\n<\/b>&#13;<br \/>\n<b><br \/>&#13;<br \/>\n&#8220;Eu mandei-lhe uma carta&#8221;<\/b>, admitiu. &#8220;Tem sido dif\u00edcil [entrar em contacto]&#8221;, repetiu. <\/p>\n<p>          <img decoding=\"async\" itemprop=\"image\" class=\"img-fluid\"   src=\"https:\/\/www.europesays.com\/pt\/wp-content\/uploads\/2025\/11\/efd36225444e2ae9dfd25c7fa82f5097_N.jpg\"\/><\/p>\n<p>O antigo primeiro-ministro e principal arguido no processo Opera\u00e7\u00e3o Marqu\u00eas pediu na segunda-feira \u00e0 ju\u00edza-presidente do julgamento, em requerimento, para acabar com o que chama de \u201cdegradante espet\u00e1culo\u201d de ter um advogado que n\u00e3o escolheu.<br \/>\n&#8220;Eu \u00e9 que escolho o meu advogado&#8221;<br \/>&#13;<\/p>\n<p>\nNa sequ\u00eancia da ren\u00fancia do seu advogado, Pedro Delille, o tribunal ordenou a nomea\u00e7\u00e3o de um advogado oficioso para assegurar a defesa do ex-governante. E numa carta dirigida \u00e0 ju\u00edza, a que a RTP teve acesso, S\u00f3crates contestou a nomea\u00e7\u00e3o do advogado oficioso. Decis\u00e3o tomada pelo tribunal ap\u00f3s a ren\u00fancia do seu advogado.<\/p>\n<p>O antigo governante exortou assim Susana Seca a acabar \u201ccom o lament\u00e1vel e degradante espet\u00e1culo de ver na televis\u00e3o algu\u00e9m que reclama\u201d ser seu advogado. \u201cSem que alguma vez lhe tenha conferido qualquer mandato\u201d, vincou Jos\u00e9 S\u00f3crates.<\/p>\n<p><b>\u201c\u00c9 uma situa\u00e7\u00e3o que muito me desagrada e que, insisto, deve cessar imediatamente &#8211; se tenho vinte dias para escolher novo advogado, por favor poupem-me \u00e0 penosa encena\u00e7\u00e3o de ver algu\u00e9m falar em meu nome contra a minha vontade, dando express\u00e3o p\u00fablica \u00e0 continuada caricatura de abusos em que este processo se tornou f\u00e9rtil\u201d<\/b>, refor\u00e7ou.<\/p>\n<p><b>\u201cEu \u00e9 que escolho o meu advogado\u201d<\/b>, sublinha S\u00f3crates no requerimento.&#13;\n<\/p>\n<p>&#13;<br \/>\nO antigo primeiro-ministro alegou ainda que\u00a0a defesa n\u00e3o pode ser acautelada por um caus\u00eddico que n\u00e3o esteja a par do processo e sem tempo suficiente para o estudar, ou sem condi\u00e7\u00f5es para seguir, em audi\u00eancia, a exibi\u00e7\u00e3o de documentos.&#13;<\/p>\n","protected":false},"excerpt":{"rendered":"&#13; No despacho proferido esta ter\u00e7a-feira, a ju\u00edza-presidente do coletivo, Susana Seca, determinou tamb\u00e9m o termo do mandato&hellip;\n","protected":false},"author":2,"featured_media":147899,"comment_status":"","ping_status":"","sticky":false,"template":"","format":"standard","meta":{"footnotes":""},"categories":[8],"tags":[11296,27,28,32301,15,16,14,16189,26272,5607,25,26,21,22,12,13,19,20,16190,32,23,24,33,17,18,29,30,31],"class_list":{"0":"post-147898","1":"post","2":"type-post","3":"status-publish","4":"format-standard","5":"has-post-thumbnail","7":"category-principais-noticias","8":"tag-advogado","9":"tag-breaking-news","10":"tag-breakingnews","11":"tag-coletivo","12":"tag-featured-news","13":"tag-featurednews","14":"tag-headlines","15":"tag-jose-socrates","16":"tag-juizes","17":"tag-julgamento","18":"tag-latest-news","19":"tag-latestnews","20":"tag-main-news","21":"tag-mainnews","22":"tag-news","23":"tag-noticias","24":"tag-noticias-principais","25":"tag-noticiasprincipais","26":"tag-operacao-marques","27":"tag-portugal","28":"tag-principais-noticias","29":"tag-principaisnoticias","30":"tag-pt","31":"tag-top-stories","32":"tag-topstories","33":"tag-ultimas","34":"tag-ultimas-noticias","35":"tag-ultimasnoticias"},"share_on_mastodon":{"url":"https:\/\/pubeurope.com\/@pt\/115530974286087585","error":""},"_links":{"self":[{"href":"https:\/\/www.europesays.com\/pt\/wp-json\/wp\/v2\/posts\/147898","targetHints":{"allow":["GET"]}}],"collection":[{"href":"https:\/\/www.europesays.com\/pt\/wp-json\/wp\/v2\/posts"}],"about":[{"href":"https:\/\/www.europesays.com\/pt\/wp-json\/wp\/v2\/types\/post"}],"author":[{"embeddable":true,"href":"https:\/\/www.europesays.com\/pt\/wp-json\/wp\/v2\/users\/2"}],"replies":[{"embeddable":true,"href":"https:\/\/www.europesays.com\/pt\/wp-json\/wp\/v2\/comments?post=147898"}],"version-history":[{"count":0,"href":"https:\/\/www.europesays.com\/pt\/wp-json\/wp\/v2\/posts\/147898\/revisions"}],"wp:featuredmedia":[{"embeddable":true,"href":"https:\/\/www.europesays.com\/pt\/wp-json\/wp\/v2\/media\/147899"}],"wp:attachment":[{"href":"https:\/\/www.europesays.com\/pt\/wp-json\/wp\/v2\/media?parent=147898"}],"wp:term":[{"taxonomy":"category","embeddable":true,"href":"https:\/\/www.europesays.com\/pt\/wp-json\/wp\/v2\/categories?post=147898"},{"taxonomy":"post_tag","embeddable":true,"href":"https:\/\/www.europesays.com\/pt\/wp-json\/wp\/v2\/tags?post=147898"}],"curies":[{"name":"wp","href":"https:\/\/api.w.org\/{rel}","templated":true}]}}