{"id":147921,"date":"2025-11-11T12:30:16","date_gmt":"2025-11-11T12:30:16","guid":{"rendered":"https:\/\/www.europesays.com\/pt\/147921\/"},"modified":"2025-11-11T12:30:16","modified_gmt":"2025-11-11T12:30:16","slug":"avatar-o-ultimo-mestre-do-ar-terminam-as-gravacoes-da-3a-temporada","status":"publish","type":"post","link":"https:\/\/www.europesays.com\/pt\/147921\/","title":{"rendered":"&#8216;Avatar: O \u00daltimo Mestre do Ar&#8217;: Terminam as grava\u00e7\u00f5es da 3\u00aa temporada!"},"content":{"rendered":"<p>Boas novas para os f\u00e3s de\u00a0<strong>\u2018Avaar: O \u00daltimo Mestre do Ar\u2019<\/strong>!<\/p>\n<p>A\u00a0<strong><a href=\"https:\/\/cinepop.com.br\/tag\/netflix\/\" title=\"Netflix\" rel=\"nofollow noopener\" target=\"_blank\">Netflix<\/a><\/strong> revelou atrav\u00e9s das redes sociais que as grava\u00e7\u00f5es da 3\u00aa temporada do\u00a0live-action j\u00e1 terminaram \u2013 e que o segundo ciclo chega em breve \u00e0 sua grade de programa\u00e7\u00e3o.<\/p>\n<p>A not\u00edcia veio acompanhada de uma foto de bastidores reunindo o elenco protagonista.<\/p>\n<p>Confira:<\/p>\n<blockquote class=\"twitter-tweet\">\n<p dir=\"ltr\" lang=\"pt\">LIGARAM NO MODO AVATAR!<\/p>\n<p>As grava\u00e7\u00f5es da 3\u00aa temporada de <a href=\"https:\/\/cinepop.com.br\/tag\/avatar-o-ultimo-mestre-do-ar\/\" title=\"Avatar: O \u00daltimo Mestre do Ar\" rel=\"nofollow noopener\" target=\"_blank\">Avatar: O \u00daltimo Mestre do Ar<\/a> terminaram, e a 2\u00aa estreia em breve. \ud83c\udf0a\u26f0\ufe0f\ud83d\udd25\ud83c\udf00 <a href=\"https:\/\/t.co\/As3hBRXuP7\" rel=\"nofollow\">pic.twitter.com\/As3hBRXuP7<\/a><\/p>\n<p>\u2014 netflixbrasil (@NetflixBrasil) <a href=\"https:\/\/twitter.com\/NetflixBrasil\/status\/1987943342034899238?ref_src=twsrc%5Etfw\" rel=\"nofollow noopener\" target=\"_blank\">November 10, 2025<\/a><\/p>\n<\/blockquote>\n<p>Criada por <strong>Albert Kim<\/strong>, a produ\u00e7\u00e3o \u00e9 baseada na popular s\u00e9rie animada \u2018<strong>Avatar: A Lenda de Aang<\/strong>\u2018.<\/p>\n<p>O elenco conta com <strong>Gordon Cormier<\/strong> (Aang), <strong>Dallas Liu<\/strong> (Zuko), <strong>Kiawentiio<\/strong> (Katara), <strong>Ian Ousley<\/strong> (Sokka), <strong>Paul Sun-Hyung Lee<\/strong> (General Iroh), <strong>Elizabeth Yu<\/strong> (Azula) e <strong>Daniel Dae Kim<\/strong> (Senhor do Fogo Ozai).<\/p>\n<p><img fetchpriority=\"high\" decoding=\"async\" src=\"https:\/\/www.europesays.com\/pt\/wp-content\/uploads\/2025\/11\/avatar-poster.jpg\" alt=\"\" width=\"800\" height=\"1000\"  \/><\/p>\n<p><script async src=\"https:\/\/platform.twitter.com\/widgets.js\" charset=\"utf-8\"><\/script><\/p>\n","protected":false},"excerpt":{"rendered":"Boas novas para os f\u00e3s de\u00a0\u2018Avaar: O \u00daltimo Mestre do Ar\u2019! A\u00a0Netflix revelou atrav\u00e9s das redes sociais que&hellip;\n","protected":false},"author":2,"featured_media":147922,"comment_status":"","ping_status":"","sticky":false,"template":"","format":"standard","meta":{"footnotes":""},"categories":[140],"tags":[32302,32303,14519,32304,114,115,147,148,32305,32306,32307,32308,146,716,32,33,32309],"class_list":{"0":"post-147921","1":"post","2":"type-post","3":"status-publish","4":"format-standard","5":"has-post-thumbnail","7":"category-filmes","8":"tag-amanda-zhou","9":"tag-avatar-o-ultimo-mestre-do-ar","10":"tag-chin-han","11":"tag-crystal-yu","12":"tag-entertainment","13":"tag-entretenimento","14":"tag-film","15":"tag-filmes","16":"tag-hoa-xuande","17":"tag-justin-chien","18":"tag-kelemet-misipeka","19":"tag-lourdes-faberes","20":"tag-movies","21":"tag-netflix","22":"tag-portugal","23":"tag-pt","24":"tag-rekha-sharma"},"share_on_mastodon":{"url":"https:\/\/pubeurope.com\/@pt\/115531076754015557","error":""},"_links":{"self":[{"href":"https:\/\/www.europesays.com\/pt\/wp-json\/wp\/v2\/posts\/147921","targetHints":{"allow":["GET"]}}],"collection":[{"href":"https:\/\/www.europesays.com\/pt\/wp-json\/wp\/v2\/posts"}],"about":[{"href":"https:\/\/www.europesays.com\/pt\/wp-json\/wp\/v2\/types\/post"}],"author":[{"embeddable":true,"href":"https:\/\/www.europesays.com\/pt\/wp-json\/wp\/v2\/users\/2"}],"replies":[{"embeddable":true,"href":"https:\/\/www.europesays.com\/pt\/wp-json\/wp\/v2\/comments?post=147921"}],"version-history":[{"count":0,"href":"https:\/\/www.europesays.com\/pt\/wp-json\/wp\/v2\/posts\/147921\/revisions"}],"wp:featuredmedia":[{"embeddable":true,"href":"https:\/\/www.europesays.com\/pt\/wp-json\/wp\/v2\/media\/147922"}],"wp:attachment":[{"href":"https:\/\/www.europesays.com\/pt\/wp-json\/wp\/v2\/media?parent=147921"}],"wp:term":[{"taxonomy":"category","embeddable":true,"href":"https:\/\/www.europesays.com\/pt\/wp-json\/wp\/v2\/categories?post=147921"},{"taxonomy":"post_tag","embeddable":true,"href":"https:\/\/www.europesays.com\/pt\/wp-json\/wp\/v2\/tags?post=147921"}],"curies":[{"name":"wp","href":"https:\/\/api.w.org\/{rel}","templated":true}]}}