{"id":147931,"date":"2025-11-11T12:37:37","date_gmt":"2025-11-11T12:37:37","guid":{"rendered":"https:\/\/www.europesays.com\/pt\/147931\/"},"modified":"2025-11-11T12:37:37","modified_gmt":"2025-11-11T12:37:37","slug":"militar-da-gnr-levava-condutores-ao-multibanco-para-sacar-o-dinheiro-das-multas","status":"publish","type":"post","link":"https:\/\/www.europesays.com\/pt\/147931\/","title":{"rendered":"Militar da GNR levava condutores ao multibanco para sacar o dinheiro das multas"},"content":{"rendered":"<p class=\"wp-caption-text top\"><a href=\"https:\/\/commons.wikimedia.org\/wiki\/File:A_postcard_of_Mirandela_%2851037375031%29.jpg\" rel=\"nofollow external noopener noreferrer\" data-wpel-link=\"external\" target=\"_blank\" class=\"ext-link\">Pedro \/ Wikimedia<\/a><\/p>\n<p><img decoding=\"async\" loading=\"lazy\" class=\"size-kopa-image-size-3 wp-image-710656\" src=\"https:\/\/www.europesays.com\/pt\/wp-content\/uploads\/2025\/11\/a6c196b5981e7b456c361bc620582226-783x450.jpg\" alt=\"\" width=\"700\" height=\"402\"  \/><\/p>\n<p><strong>O cabo da GNR de Mirandela foi detido na quinta-feira pela Pol\u00edcia Judici\u00e1ria. \u00c9 suspeito de ter lesado o Estado em milhares de euros, atrav\u00e9s da apropria\u00e7\u00e3o do valor de coimas aplicadas a condutores.<\/strong><\/p>\n<p><strong>Ricardo Alves<\/strong> foi detido na quinta-feira e deixado em pris\u00e3o preventiva na sexta.<\/p>\n<p>Segundo o relato do <a href=\"https:\/\/www.jn.pt\/justica\/artigo\/gnr-levava-condutores-ao-multibanco-para-ficar-com-dinheiro-das-multas\/18018171\" data-wpel-link=\"external\" target=\"_blank\" rel=\"nofollow external noopener noreferrer\" class=\"ext-link\">Jornal de Not\u00edcias<\/a>, o cabo da GNR de Mirandela \u00e9 suspeito de pressionar os condutores ao pagamento de coimas em dinheiro vivo, para ficar com o dinheiro.<\/p>\n<p>Um das v\u00edtimas contou ao matutino que o GNR o multou numa \u00e1rea urbana da responsabilidade da PSP e o<strong> levou a uma caixa de multibanco, para que levantasse o dinheiro<\/strong>.<\/p>\n<p>\u201cAplicou-me uma multa de 500 euros, apreendeu-me a carta e disse logo que tinha de pagar ali em dinheiro\u201d, revelou <strong>Eug\u00e9nio Manuel<\/strong>.<\/p>\n<p>\u201cDisse-lhe que n\u00e3o tinha esse dinheiro comigo, s\u00f3 tinha cart\u00e3o multibanco, mas <strong>respondeu que n\u00e3o podia ser e tinha de ir levantar a uma caixa multibanco<\/strong>\u201c, relatou.<\/p>\n<p>\u201c<strong>Levou-me no jipe da GNR at\u00e9 ao multibanco<\/strong>. Mas como a m\u00e1quina s\u00f3 me deixou levantar 400 euros, disse-me que tinha de lhe entregar os restantes cem euros no dia seguinte,\u201d continuou.<\/p>\n<p>\u201cNo dia seguinte, quando cheguei, j\u00e1 estava \u00e0 minha espera. Fomos para um gabinete, entreguei-lhe os cem euros e ele deu-me um papel\u201d, detalhou, ao JN.<\/p>\n<p>De acordo com a PJ, o arguido, de 45 anos, \u00e9 suspeito de ter \u201cfalsificado diversos autos de contraordena\u00e7\u00e3o, apropriando-se de valores correspondentes a coimas pagas pelos infratores\u201d.<\/p>\n<p>O militar est\u00e1 \u201cfortemente indiciado\u201d de crimes de <strong>peculato, falsifica\u00e7\u00e3o de documento e falsidade inform\u00e1tica<\/strong>.<\/p>\n<p>Segundo o JN, as suspeitas sobre a atua\u00e7\u00e3o deste GNR come\u00e7aram com a reclama\u00e7\u00e3o de um condutor, no tempo em que o militar ainda trabalhava em Vila Flor.<\/p>\n<p>    <a href=\"https:\/\/zap.aeiou.pt\/subscrever-newsletter\" data-wpel-link=\"internal\" rel=\"nofollow noopener\" target=\"_blank\">&#13;<br \/>\n        <img loading=\"lazy\" decoding=\"async\" class=\"aligncenter size-full wp-image-575475\" src=\"https:\/\/www.europesays.com\/pt\/wp-content\/uploads\/2025\/11\/2d51fe4a0ba54894421ead1809309ed9-1-450x140.jpg\" alt=\"Subscreva a Newsletter ZAP\" width=\"450\" height=\"140\"\/>&#13;<br \/>\n    <\/a><\/p>\n<p>                <a href=\"https:\/\/whatsapp.com\/channel\/0029VaIC4EE2f3EJZPPSbR34\" data-wpel-link=\"external\" target=\"_blank\" rel=\"nofollow external noopener noreferrer\" class=\"ext-link\">&#13;<br \/>\n                    <img loading=\"lazy\" decoding=\"async\" class=\"aligncenter size-full wp-image-575475\" src=\"https:\/\/www.europesays.com\/pt\/wp-content\/uploads\/2025\/11\/c68c559d956d4ca20f435ed74a6e71e6.png\" alt=\"Siga-nos no WhatsApp\" width=\"175\" height=\"64\"\/>&#13;<br \/>\n                <\/a><\/p>\n<p>                <a href=\"https:\/\/news.google.com\/publications\/CAAiEHRwZondIV71PDjWNoqMduEqFAgKIhB0cGaJ3SFe9Tw41jaKjHbh?hl=en-US&amp;gl=US&amp;ceid=US%3Aen\" data-wpel-link=\"external\" target=\"_blank\" rel=\"nofollow external noopener noreferrer\" class=\"ext-link\">&#13;<br \/>\n                    <img loading=\"lazy\" decoding=\"async\" class=\"aligncenter size-full wp-image-575475\" src=\"https:\/\/www.europesays.com\/pt\/wp-content\/uploads\/2025\/11\/5123dd8b087b644fdb8f8603acd1bad4.png\" alt=\"Siga-nos no Google News\" width=\"176\" height=\"64\"\/>&#13;<br \/>\n                <\/a><\/p>\n","protected":false},"excerpt":{"rendered":"Pedro \/ Wikimedia O cabo da GNR de Mirandela foi detido na quinta-feira pela Pol\u00edcia Judici\u00e1ria. \u00c9 suspeito&hellip;\n","protected":false},"author":2,"featured_media":147932,"comment_status":"","ping_status":"","sticky":false,"template":"","format":"standard","meta":{"footnotes":""},"categories":[10],"tags":[27,28,5015,604,15,16,6178,2002,14,603,25,26,21,22,7264,12,13,19,20,4107,32,23,24,33,17,18,29,30,31],"class_list":{"0":"post-147931","1":"post","2":"type-post","3":"status-publish","4":"format-standard","5":"has-post-thumbnail","7":"category-portugal","8":"tag-breaking-news","9":"tag-breakingnews","10":"tag-burla","11":"tag-crime","12":"tag-featured-news","13":"tag-featurednews","14":"tag-fraude","15":"tag-gnr","16":"tag-headlines","17":"tag-justica","18":"tag-latest-news","19":"tag-latestnews","20":"tag-main-news","21":"tag-mainnews","22":"tag-mirandela","23":"tag-news","24":"tag-noticias","25":"tag-noticias-principais","26":"tag-noticiasprincipais","27":"tag-pj","28":"tag-portugal","29":"tag-principais-noticias","30":"tag-principaisnoticias","31":"tag-pt","32":"tag-top-stories","33":"tag-topstories","34":"tag-ultimas","35":"tag-ultimas-noticias","36":"tag-ultimasnoticias"},"share_on_mastodon":{"url":"https:\/\/pubeurope.com\/@pt\/115531104172010410","error":""},"_links":{"self":[{"href":"https:\/\/www.europesays.com\/pt\/wp-json\/wp\/v2\/posts\/147931","targetHints":{"allow":["GET"]}}],"collection":[{"href":"https:\/\/www.europesays.com\/pt\/wp-json\/wp\/v2\/posts"}],"about":[{"href":"https:\/\/www.europesays.com\/pt\/wp-json\/wp\/v2\/types\/post"}],"author":[{"embeddable":true,"href":"https:\/\/www.europesays.com\/pt\/wp-json\/wp\/v2\/users\/2"}],"replies":[{"embeddable":true,"href":"https:\/\/www.europesays.com\/pt\/wp-json\/wp\/v2\/comments?post=147931"}],"version-history":[{"count":0,"href":"https:\/\/www.europesays.com\/pt\/wp-json\/wp\/v2\/posts\/147931\/revisions"}],"wp:featuredmedia":[{"embeddable":true,"href":"https:\/\/www.europesays.com\/pt\/wp-json\/wp\/v2\/media\/147932"}],"wp:attachment":[{"href":"https:\/\/www.europesays.com\/pt\/wp-json\/wp\/v2\/media?parent=147931"}],"wp:term":[{"taxonomy":"category","embeddable":true,"href":"https:\/\/www.europesays.com\/pt\/wp-json\/wp\/v2\/categories?post=147931"},{"taxonomy":"post_tag","embeddable":true,"href":"https:\/\/www.europesays.com\/pt\/wp-json\/wp\/v2\/tags?post=147931"}],"curies":[{"name":"wp","href":"https:\/\/api.w.org\/{rel}","templated":true}]}}