{"id":147938,"date":"2025-11-11T12:45:15","date_gmt":"2025-11-11T12:45:15","guid":{"rendered":"https:\/\/www.europesays.com\/pt\/147938\/"},"modified":"2025-11-11T12:45:15","modified_gmt":"2025-11-11T12:45:15","slug":"x-men-famke-janssen-a-jean-grey-justifica-ausencia-em-vingadores-doomsday","status":"publish","type":"post","link":"https:\/\/www.europesays.com\/pt\/147938\/","title":{"rendered":"X-Men: Famke Janssen, a Jean Grey, justifica aus\u00eancia em &#8216;Vingadores: Doomsday&#8217;"},"content":{"rendered":"<p>Filme que trar\u00e1 a equipe de her\u00f3is da Marvel mais famosa dos cinemas de volta \u00e0s telas, \u201cVingadores: Doomsday\u201d contar\u00e1 com o retorno de nomes j\u00e1 conhecidos, dentre eles, membros da franquia X-Men \u2014 com exce\u00e7\u00e3o de <a href=\"https:\/\/pt.wikipedia.org\/wiki\/Famke_Janssen\" target=\"_blank\" rel=\"noopener nofollow\"><strong>Famke Janssen<\/strong><\/a>, a int\u00e9rprete de Jean Grey, que em recente entrevista justificou sua aus\u00eancia no novo t\u00edtulo.<\/p>\n<p>Acontece que \u201c<a href=\"https:\/\/recreio.com.br\/tags\/vingadores-doomsday\" target=\"_blank\" rel=\"noopener nofollow\">Vingadores: Doomsday<\/a>\u201d ir\u00e1 introduzir os X-Men ao Multiversos Cinematogr\u00e1fico Marvel (MCU), j\u00e1 tendo confirmado que nomes da s\u00e9rie de filmes de 25 anos atr\u00e1s est\u00e3o de volta: <strong>Patrick Stewart<\/strong> como Professor X,<strong> Ian McKellen<\/strong> como Magneto, <strong>Rebecca Romijn<\/strong> como M\u00edstica e<a href=\"https:\/\/www.instagram.com\/james_marsden\" target=\"_blank\" rel=\"noopener nofollow\"> <strong>James Marsden<\/strong><\/a>, como Scott Summers, o Ciclope.<\/p>\n<p>Dessa forma, os f\u00e3s se perguntaram o motivo de <strong>Janssen<\/strong> n\u00e3o ter se juntado ao grupo que protagonizar\u00e1 o grande embate clim\u00e1tico da fase 6 do <a href=\"https:\/\/www.marvel.com\/\" target=\"_blank\" rel=\"noopener nofollow\">MCU<\/a>, j\u00e1 que em entrevista ao Entertainment Week, ela afirmou que \u201cnunca, jamais\u201d tinha sido procurada pela Marvel para retornar ao papel. Agora, em um bate-papo com <strong>Kristian Harloff<\/strong> (via Omelete), a atriz explicou que, para in\u00edcio de conversa, n\u00e3o estava interessada na oportunidade.<\/p>\n<p>Isso porque, al\u00e9m de atuar, <strong>Janssen<\/strong> gosta de participar de todos os processos das produ\u00e7\u00f5es em que est\u00e1 envolvida, como na nova s\u00e9rie para a Netflix, onde ela \u00e9 produtora executiva, tendo o poder de supervisionar todas as escolhas do t\u00edtulo desde a pr\u00e9-produ\u00e7\u00e3o, onde h\u00e1 a capta\u00e7\u00e3o de recursos para o projeto, at\u00e9 a p\u00f3s-produ\u00e7\u00e3o, com os planos para a estreia.<\/p>\n<blockquote>\n<p>\u201cEu n\u00e3o seria chamada de volta para Doomsday, ou qualquer outra coisa, com esse tipo de possibilidade. N\u00e3o \u00e9 pra isso que eles me querem\u201d, explicou Janssen sobre n\u00e3o poder desempenhar esse tipo de fun\u00e7\u00e3o no MCU.<\/p>\n<\/blockquote>\n<p>Refletindo sobre a carreira que construiu ao longo dos mais de 30 anos, <strong>Janssen<\/strong> defendeu que tamb\u00e9m n\u00e3o seria coerente aceitar um papel com destaque breve na trama. \u201c\u00c9 dif\u00edcil olhar para tr\u00e1s e me preocupar ou pensar sobre um papel onde eu s\u00f3 tinha algumas falas. N\u00e3o me parece interessante. Estou em um momento diferente da minha carreira e trabalhei muito para isso, por isso vou aproveitar. Foram 80 filmes no curr\u00edculo e paguei tudo o que precisava.\u201d<\/p>\n<p>Vale lembrar que, al\u00e9m da franquia X-Men (2000-2014), <strong>Janssen<\/strong> est\u00e1 em produ\u00e7\u00f5es como \u201cBusca Implac\u00e1vel\u201d (2008 \u2013 2012) e \u201cOs Cavaleiros do Zod\u00edaco \u2013 Saint Seiya: O Come\u00e7o\u201d (2023) no cinema, e \u201cThe Blacklist: Redemption\u201d (2017) e \u201cComo Defender Um Assassino\u201d (2014) na TV, al\u00e9m de ter estreado na dire\u00e7\u00e3o de projetos em \u201cVivendo no Limite\u201d, de 2011.<\/p>\n<p>Por fim, ela defendeu que gosta de estar em projetos em que possa expressar sua criatividade de diferentes formas. \u201cAgora, eu acabei de terminar um filme na Bulg\u00e1ria, chamado One Second After, em que eu desenhei minhas pr\u00f3prias roupas para ele. \u00c9 muito legal ter essas outras possibilidades, no que eu estou fazendo com a minha vida, porque eu amo criatividade. Sempre estou buscando criar.\u201d<\/p>\n<p>\u201cVingadores: Doomsday\u201d tem estreia marcada para 18 de dezembro de 2026 no Brasil.<\/p>\n<p>        <a href=\"https:\/\/recreio.com.br\/noticias\/author\/izabela-queiroz\" rel=\"nofollow noopener\" target=\"_blank\">&#13;<br \/>\n          <img loading=\"lazy\" alt=\"Izabela Queiroz\" src=\"https:\/\/www.europesays.com\/pt\/wp-content\/uploads\/2025\/11\/1762865114_213_73c0b9c1056486c3f0ac887fc031213cdd608512c3b419d28e1ba5da81c3eb12\"  class=\"avatar avatar-115 photo rounded-circle mr-3\" height=\"115\" width=\"115\" decoding=\"async\"\/>        <\/a><\/p>\n<p>Izabela Queiroz, jornalista por paix\u00e3o e cin\u00e9fila de carteirinha. Formada pela UNINOVE, encontrou na escrita o lugar ideal para unir tudo o que mais gosta: filmes, s\u00e9ries e m\u00fasica. Nos textos, h\u00e1 quase sempre refer\u00eancias a algo relacionado \u00e0 cultura pop que a marcou. Fora deles, a encontrar\u00e1 assistindo hist\u00f3rias com reviravoltas chocantes, romances cativantes e dramas que a fazem chorar.<\/p>\n<p>\t                                            <script async src=\"\/\/www.instagram.com\/embed.js\"><\/script><\/p>\n","protected":false},"excerpt":{"rendered":"Filme que trar\u00e1 a equipe de her\u00f3is da Marvel mais famosa dos cinemas de volta \u00e0s telas, \u201cVingadores:&hellip;\n","protected":false},"author":2,"featured_media":147939,"comment_status":"","ping_status":"","sticky":false,"template":"","format":"standard","meta":{"footnotes":""},"categories":[140],"tags":[114,115,16135,147,148,32310,792,11189,146,32,33,14176,8107],"class_list":{"0":"post-147938","1":"post","2":"type-post","3":"status-publish","4":"format-standard","5":"has-post-thumbnail","7":"category-filmes","8":"tag-entertainment","9":"tag-entretenimento","10":"tag-famke-janssen","11":"tag-film","12":"tag-filmes","13":"tag-jean-grey","14":"tag-marvel","15":"tag-mcu","16":"tag-movies","17":"tag-portugal","18":"tag-pt","19":"tag-vingadores-doomsday","20":"tag-x-men"},"share_on_mastodon":{"url":"https:\/\/pubeurope.com\/@pt\/115531135523454067","error":""},"_links":{"self":[{"href":"https:\/\/www.europesays.com\/pt\/wp-json\/wp\/v2\/posts\/147938","targetHints":{"allow":["GET"]}}],"collection":[{"href":"https:\/\/www.europesays.com\/pt\/wp-json\/wp\/v2\/posts"}],"about":[{"href":"https:\/\/www.europesays.com\/pt\/wp-json\/wp\/v2\/types\/post"}],"author":[{"embeddable":true,"href":"https:\/\/www.europesays.com\/pt\/wp-json\/wp\/v2\/users\/2"}],"replies":[{"embeddable":true,"href":"https:\/\/www.europesays.com\/pt\/wp-json\/wp\/v2\/comments?post=147938"}],"version-history":[{"count":0,"href":"https:\/\/www.europesays.com\/pt\/wp-json\/wp\/v2\/posts\/147938\/revisions"}],"wp:featuredmedia":[{"embeddable":true,"href":"https:\/\/www.europesays.com\/pt\/wp-json\/wp\/v2\/media\/147939"}],"wp:attachment":[{"href":"https:\/\/www.europesays.com\/pt\/wp-json\/wp\/v2\/media?parent=147938"}],"wp:term":[{"taxonomy":"category","embeddable":true,"href":"https:\/\/www.europesays.com\/pt\/wp-json\/wp\/v2\/categories?post=147938"},{"taxonomy":"post_tag","embeddable":true,"href":"https:\/\/www.europesays.com\/pt\/wp-json\/wp\/v2\/tags?post=147938"}],"curies":[{"name":"wp","href":"https:\/\/api.w.org\/{rel}","templated":true}]}}