{"id":147952,"date":"2025-11-11T13:04:09","date_gmt":"2025-11-11T13:04:09","guid":{"rendered":"https:\/\/www.europesays.com\/pt\/147952\/"},"modified":"2025-11-11T13:04:09","modified_gmt":"2025-11-11T13:04:09","slug":"eddington-truque-de-mestre-suspense-psicologico-biblico-e-mais-5-estreias-de-cinema-da-semana","status":"publish","type":"post","link":"https:\/\/www.europesays.com\/pt\/147952\/","title":{"rendered":"\u2018Eddington\u2019, \u2018Truque de Mestre\u2019, suspense psicol\u00f3gico b\u00edblico e mais 5 estreias de cinema da semana"},"content":{"rendered":"<p><img  loading=\"lazy\" class=\"lazy-load-img\"\/><\/p>\n<p>Joaquin Phoenix e Pedro Pascal estrelam &#8216;Eddington&#8217;, novo filme de Ari Aster\u00a0Foto:  A24\/Divulga\u00e7\u00e3o<\/p>\n<p data-component-name=\"paragraph\" class=\"styles__ParagraphStyled-sc-6adecn-0 gsLklW  \">Meses depois de sua estreia no exterior, <strong>Eddington<\/strong>, filme mais recente de <strong>Ari Aster<\/strong>, enfim chega aos cinemas brasileiros. O longa, estrelado por <strong>Pedro Pascal<\/strong>, <strong>Emma Stone<\/strong> e <strong>Joaquin Phoenix<\/strong> \u00e9 um dos principais lan\u00e7amentos do circuito comercial nesta semana, entrando em cartaz na quinta-feira, 13.<\/p>\n<p><strong>Truque de Mestre &#8211; O 3\u00ba Ato<\/strong>, novo cap\u00edtulo da franquia dos ilusionistas golpistas, tamb\u00e9m chega \u00e0s telonas nesta semana, com <strong>Jesse Eisenberg<\/strong>, <strong>Isla Fisher<\/strong>, <strong>Dave Franco<\/strong> e <strong>Woody Harrelson<\/strong> voltando aos seus personagens.<\/p>\n<p>O filme b\u00edblico <strong>Sombras no Deserto<\/strong>, estrelado por <strong>Nicolas Cage<\/strong>, \u00e9 outra grande estreia da semana, adaptando o Evangelho da Inf\u00e2ncia de Tom\u00e9, que conta a juventude de Jesus Cristo, como um suspense psicol\u00f3gico.<\/p>\n<p data-component-name=\"paragraph\" class=\"styles__ParagraphStyled-sc-6adecn-0 gsLklW  \">A semana tamb\u00e9m \u00e9 de relan\u00e7amentos, com <strong>The Rocky Horror Picture Show<\/strong>, que completa 50 anos, e <strong>Wicked<\/strong>, aquecendo para sua sequ\u00eancia que chega no pr\u00f3ximo dia 19, retornando aos cinemas.<\/p>\n<p data-component-name=\"paragraph\" class=\"styles__ParagraphStyled-sc-6adecn-0 gsLklW  \">Confira as principais estreias da semana e suas sinopses:<\/p>\n<p>Eddington <\/p>\n<ul>\n<li class=\" \">Dire\u00e7\u00e3o: Ari Aster<\/li>\n<li class=\" \">Classifica\u00e7\u00e3o indicativa: 18 anos<\/li>\n<\/ul>\n<p data-component-name=\"paragraph\" class=\"styles__ParagraphStyled-sc-6adecn-0 gsLklW  \">Durante a pandemia de Covid-19, a pequena cidade de Eddington fica dividida politicamente ap\u00f3s o prefeito (Pedro Pascal) implementar o lockdown e o uso mandat\u00f3rio de m\u00e1scaras, irritando o xerife local (Joaquin Phoenix). Entre cultos e teorias da conspira\u00e7\u00e3o, a cidade se torna um barril de p\u00f3lvora prestes a explodir \u00e0s v\u00e9speras de uma importante elei\u00e7\u00e3o.<\/p>\n<p>Truque de Mestre &#8211; O 3\u00ba Ato <\/p>\n<ul>\n<li class=\" \">Dire\u00e7\u00e3o: Ruben Fleischer<\/li>\n<li class=\" \">Classifica\u00e7\u00e3o indicativa: 12 anos<\/li>\n<\/ul>\n<p data-component-name=\"paragraph\" class=\"styles__ParagraphStyled-sc-6adecn-0 gsLklW  \">Os Quatro Cavaleiros retornam para os holofotes para um novo golpe milion\u00e1rio. Para isso, eles recrutam uma nova gera\u00e7\u00e3o de ilusionistas para ajud\u00e1-los no assalto.<\/p>\n<p>Sombras no Deserto <\/p>\n<ul>\n<li class=\" \">Dire\u00e7\u00e3o: Lotfy Nathan<\/li>\n<li class=\" \">Classifica\u00e7\u00e3o indicativa: 18 anos<\/li>\n<\/ul>\n<p data-component-name=\"paragraph\" class=\"styles__ParagraphStyled-sc-6adecn-0 gsLklW  \">O Carpinteiro (Nicolas Cage), sua esposa (<strong>FKA Twigs<\/strong>) e o Menino (<strong>Noah Jupe<\/strong>) fogem de seu passado pelo deserto do Egito. Seguidos por uma figura misteriosa, a fam\u00edlia enfrenta um desafio inimagin\u00e1vel quando o garoto manifesta for\u00e7as antes desconhecidas.<\/p>\n<p>O Bad Boy e Eu <\/p>\n<ul>\n<li class=\" \">Dire\u00e7\u00e3o: Justin Wu<\/li>\n<li class=\" \">Classifica\u00e7\u00e3o indicativa: 12 anos<\/li>\n<\/ul>\n<p>Uma garota dedicada a realizar seu sonho de entrar numa prestigiada escola de dan\u00e7a tem sua vida virada de cabe\u00e7a para baixo ap\u00f3s se apaixonar por um bad boy popular.<\/p>\n<p>Lar <\/p>\n<ul>\n<li class=\" \">Dire\u00e7\u00e3o: Leandro Wenceslau<\/li>\n<li class=\" \">Classifica\u00e7\u00e3o indicativa: 12 anos<\/li>\n<\/ul>\n<p data-component-name=\"paragraph\" class=\"styles__ParagraphStyled-sc-6adecn-0 gsLklW  \">O document\u00e1rio mostra a vida de fam\u00edlias LGBTIAPN+ da perspectiva das crian\u00e7as, com o diretor <strong>Leandro Wenceslau<\/strong> entrela\u00e7ando os relatos de seus entrevistados com seu pr\u00f3prio crescimento e processo de descoberta de identidade.<\/p>\n<p>Maldito Modigliani<\/p>\n<ul>\n<li class=\" \">Dire\u00e7\u00e3o: Valeria Parisi<\/li>\n<li class=\" \">Classifica\u00e7\u00e3o indicativa: n\u00e3o divulgada<\/li>\n<\/ul>\n<p data-component-name=\"paragraph\" class=\"styles__ParagraphStyled-sc-6adecn-0 gsLklW  \">O document\u00e1rio <strong>Maldito Modigliani<\/strong> narra a hist\u00f3ria do pintor <strong>Amedeo Modigliani<\/strong> (1884-1920) pelo ponto de vista de sua esposa, a tamb\u00e9m pintora <strong>Jeanne H\u00e9buterne<\/strong> (1898-1920). Explorando a complexidade da arte de Modigliani, o filme, originalmente lan\u00e7ado em 2020, \u00e9 um retrato \u00edntimo de um artista vanguardista e as lutas enfrentadas por ele e sua fam\u00edlia.<\/p>\n<p>The Rocky Horror Picture Show (relan\u00e7amento) <\/p>\n<ul>\n<li class=\" \">Dire\u00e7\u00e3o: Jim Sharman<\/li>\n<li class=\" \">Classifica\u00e7\u00e3o indicativa: 14 anos<\/li>\n<\/ul>\n<p data-component-name=\"paragraph\" class=\"styles__ParagraphStyled-sc-6adecn-0 gsLklW  \">Ap\u00f3s seu carro quebrar, um casal se abriga na assustadora mans\u00e3o do Dr. Frank-N-Furter, cuja obsess\u00e3o pelo prazer transforma suas vidas.<\/p>\n<p>Wicked (relan\u00e7amento &#8211; 16 de novembro) <\/p>\n<ul>\n<li class=\" \">Dire\u00e7\u00e3o: John M. Chu<\/li>\n<li class=\" \">Classifica\u00e7\u00e3o indicativa: 10 anos<\/li>\n<\/ul>\n<p data-component-name=\"paragraph\" class=\"styles__ParagraphStyled-sc-6adecn-0 gsLklW  \">Aquecendo para a estreia de <strong>Wicked: Parte 2<\/strong>, o filme original volta aos cinemas \u00e0s v\u00e9speras da chegada da sequ\u00eancia. O musical conta a hist\u00f3ria da amizade improv\u00e1vel entre Elphaba (<strong>Cynthia Erivo<\/strong>) e Glinda (<strong>Ariana Grande<\/strong>) e como seu encontro na \u00e9poca escolar levou aos eventos de O M\u00e1gico de Oz.<\/p>\n","protected":false},"excerpt":{"rendered":"Joaquin Phoenix e Pedro Pascal estrelam &#8216;Eddington&#8217;, novo filme de Ari Aster\u00a0Foto: A24\/Divulga\u00e7\u00e3o Meses depois de sua estreia&hellip;\n","protected":false},"author":2,"featured_media":147953,"comment_status":"","ping_status":"","sticky":false,"template":"","format":"standard","meta":{"footnotes":""},"categories":[140],"tags":[114,115,147,148,146,32,33],"class_list":{"0":"post-147952","1":"post","2":"type-post","3":"status-publish","4":"format-standard","5":"has-post-thumbnail","7":"category-filmes","8":"tag-entertainment","9":"tag-entretenimento","10":"tag-film","11":"tag-filmes","12":"tag-movies","13":"tag-portugal","14":"tag-pt"},"share_on_mastodon":{"url":"https:\/\/pubeurope.com\/@pt\/115531210150014131","error":""},"_links":{"self":[{"href":"https:\/\/www.europesays.com\/pt\/wp-json\/wp\/v2\/posts\/147952","targetHints":{"allow":["GET"]}}],"collection":[{"href":"https:\/\/www.europesays.com\/pt\/wp-json\/wp\/v2\/posts"}],"about":[{"href":"https:\/\/www.europesays.com\/pt\/wp-json\/wp\/v2\/types\/post"}],"author":[{"embeddable":true,"href":"https:\/\/www.europesays.com\/pt\/wp-json\/wp\/v2\/users\/2"}],"replies":[{"embeddable":true,"href":"https:\/\/www.europesays.com\/pt\/wp-json\/wp\/v2\/comments?post=147952"}],"version-history":[{"count":0,"href":"https:\/\/www.europesays.com\/pt\/wp-json\/wp\/v2\/posts\/147952\/revisions"}],"wp:featuredmedia":[{"embeddable":true,"href":"https:\/\/www.europesays.com\/pt\/wp-json\/wp\/v2\/media\/147953"}],"wp:attachment":[{"href":"https:\/\/www.europesays.com\/pt\/wp-json\/wp\/v2\/media?parent=147952"}],"wp:term":[{"taxonomy":"category","embeddable":true,"href":"https:\/\/www.europesays.com\/pt\/wp-json\/wp\/v2\/categories?post=147952"},{"taxonomy":"post_tag","embeddable":true,"href":"https:\/\/www.europesays.com\/pt\/wp-json\/wp\/v2\/tags?post=147952"}],"curies":[{"name":"wp","href":"https:\/\/api.w.org\/{rel}","templated":true}]}}