{"id":147961,"date":"2025-11-11T13:09:27","date_gmt":"2025-11-11T13:09:27","guid":{"rendered":"https:\/\/www.europesays.com\/pt\/147961\/"},"modified":"2025-11-11T13:09:27","modified_gmt":"2025-11-11T13:09:27","slug":"caminha-vai-ter-mais-um-hipermercado","status":"publish","type":"post","link":"https:\/\/www.europesays.com\/pt\/147961\/","title":{"rendered":"Caminha vai ter mais um hipermercado"},"content":{"rendered":"<p>Caminha vai ter mais um Continente Bom Dia. O novo espa\u00e7o, apurou a R\u00e1dio Vale do Minho,<strong> vai\u00a0ficar localizado na freguesia de Cristelo, junto \u00e0 Estrada Nacional (EN) 13.\u00a0<\/strong><\/p>\n<p>\u00a0<\/p>\n<p><strong>No local j\u00e1 foram colocadas as respetivas veda\u00e7\u00f5es<\/strong>, que anunciam o arranque iminente das obras.<\/p>\n<p>\u00a0<\/p>\n<p>\u00a0<\/p>\n<p>\u00a0<\/p>\n<p><img loading=\"lazy\" decoding=\"async\" class=\"size-full wp-image-235477 aligncenter\" src=\"https:\/\/www.europesays.com\/pt\/wp-content\/uploads\/2025\/11\/continente2.jpg\" alt=\"\" width=\"1024\" height=\"768\"  \/><\/p>\n<p>[cr\u00e9dito fotografia: R\u00e1dio Vale do Minho]<\/p>\n<p>\u00a0<\/p>\n<p>\u00a0<\/p>\n<p>\u00c9 mais uma loja do grupo Sonae, que se expande no distrito de Viana do Castelo.<\/p>\n<p>\u00a0<\/p>\n<p>Para a pr\u00f3xima quinta-feira, <a href=\"https:\/\/www.radiovaledominho.com\/melgaco-ja-ha-data-para-abertura-do-continente\/\" rel=\"nofollow noopener\" target=\"_blank\">conforme avan\u00e7ou a R\u00e1dio Vale do Minho<\/a>, <strong>est\u00e1 prevista a abretura do novo Continente Bom Dia em Melga\u00e7o.<\/strong><\/p>\n<p>\u00a0<\/p>\n<p>No Alto Minho, o Continente j\u00e1 est\u00e1 presente em Mon\u00e7\u00e3o, Melga\u00e7o, Valen\u00e7a, Viana do Castelo, Ponte de Lima, Ponte da Barca, Vila Praia de \u00c2ncora (Caminha), e Cerveira.<\/p>\n<p>\u00a0<\/p>\n<p>A\u00a0<b>Sonae<\/b>, que det\u00e9m a marca Continente,\u00a0\u00e9 um grupo empresarial multinacional, sediado na\u00a0Maia, em\u00a0Portugal.<\/p>\n<p>\u00a0<\/p>\n<p><strong>Est\u00e1 presente em 90 pa\u00edses<\/strong>, atuando em diversos setores, entre os quais se destacam o\u00a0retalho, servi\u00e7os financeiros, gest\u00e3o de centros comerciais, software e sistemas de informa\u00e7\u00e3o, media e\u00a0telecomunica\u00e7\u00f5es.<\/p>\n<p>\u00a0<\/p>\n<p>Em 1986, o grupo fez hist\u00f3ria ao abrir o primeiro hipermercado em Portugal, o Continente, na Senhora da Hora.<\/p>\n<p>\u00a0<\/p>\n<p>\u00a0<\/p>\n<p>[cr\u00e9dito fotografia capa: R\u00e1dio Vale do Minho]<\/p>\n","protected":false},"excerpt":{"rendered":"Caminha vai ter mais um Continente Bom Dia. O novo espa\u00e7o, apurou a R\u00e1dio Vale do Minho, vai\u00a0ficar&hellip;\n","protected":false},"author":2,"featured_media":147962,"comment_status":"","ping_status":"","sticky":false,"template":"","format":"standard","meta":{"footnotes":""},"categories":[83],"tags":[88,89,90,32,33],"class_list":{"0":"post-147961","1":"post","2":"type-post","3":"status-publish","4":"format-standard","5":"has-post-thumbnail","7":"category-empresas","8":"tag-business","9":"tag-economy","10":"tag-empresas","11":"tag-portugal","12":"tag-pt"},"share_on_mastodon":{"url":"https:\/\/pubeurope.com\/@pt\/115531229805380423","error":""},"_links":{"self":[{"href":"https:\/\/www.europesays.com\/pt\/wp-json\/wp\/v2\/posts\/147961","targetHints":{"allow":["GET"]}}],"collection":[{"href":"https:\/\/www.europesays.com\/pt\/wp-json\/wp\/v2\/posts"}],"about":[{"href":"https:\/\/www.europesays.com\/pt\/wp-json\/wp\/v2\/types\/post"}],"author":[{"embeddable":true,"href":"https:\/\/www.europesays.com\/pt\/wp-json\/wp\/v2\/users\/2"}],"replies":[{"embeddable":true,"href":"https:\/\/www.europesays.com\/pt\/wp-json\/wp\/v2\/comments?post=147961"}],"version-history":[{"count":0,"href":"https:\/\/www.europesays.com\/pt\/wp-json\/wp\/v2\/posts\/147961\/revisions"}],"wp:featuredmedia":[{"embeddable":true,"href":"https:\/\/www.europesays.com\/pt\/wp-json\/wp\/v2\/media\/147962"}],"wp:attachment":[{"href":"https:\/\/www.europesays.com\/pt\/wp-json\/wp\/v2\/media?parent=147961"}],"wp:term":[{"taxonomy":"category","embeddable":true,"href":"https:\/\/www.europesays.com\/pt\/wp-json\/wp\/v2\/categories?post=147961"},{"taxonomy":"post_tag","embeddable":true,"href":"https:\/\/www.europesays.com\/pt\/wp-json\/wp\/v2\/tags?post=147961"}],"curies":[{"name":"wp","href":"https:\/\/api.w.org\/{rel}","templated":true}]}}