{"id":147987,"date":"2025-11-11T13:34:13","date_gmt":"2025-11-11T13:34:13","guid":{"rendered":"https:\/\/www.europesays.com\/pt\/147987\/"},"modified":"2025-11-11T13:34:13","modified_gmt":"2025-11-11T13:34:13","slug":"portugal-tenta-apuramento-em-dublin-com-tres-baixas-de-peso","status":"publish","type":"post","link":"https:\/\/www.europesays.com\/pt\/147987\/","title":{"rendered":"Portugal tenta apuramento em Dublin com tr\u00eas baixas de peso"},"content":{"rendered":"<p data-remotead-prev-elm=\"true\" data-remotead-elm-id=\"inread\">Na capital irlandesa, na quinta e pen\u00faltima jornada do Grupo F, o m\u00e9dio Bruno Fernandes \u00e9 baixa certa, devido a castigo, assim como Nuno Mendes e Pedro Neto, ambos devido a les\u00e3o, n\u00e3o tendo os dois integrado sequer o est\u00e1gio de novembro.<\/p>\n<p>Estes tr\u00eas jogadores aparecem na lista dos mais utilizados pelo selecionador Roberto Mart\u00ednez nesta fase de apuramento, mas Nuno Mendes acaba por ter um peso ainda maior devido ao que tem demonstrado no \u00faltimo ano.<\/p>\n<p>O lateral de apenas 23 anos foi determinante na conquista de Portugal da Liga das Na\u00e7\u00f5es, em junho, e tem estado numa forma avassaladora, n\u00e3o s\u00f3 na sele\u00e7\u00e3o nacional, mas tamb\u00e9m no Paris Saint-Germain, situa\u00e7\u00e3o que j\u00e1 fez mesmo Martinez apontar Mendes como o melhor jogador da atualidade.<\/p>\n<p data-remotead-prev-elm=\"true\" data-remotead-elm-id=\"centro1\">Em contrapartida, Jo\u00e3o Cancelo e Jo\u00e3o Neves est\u00e3o de regresso ap\u00f3s terem falhado os jogos de outubro, tamb\u00e9m devido a problemas f\u00edsicos.<\/p>\n<p>Cancelo, que j\u00e1 foi determinante nesta fase de apuramento, ao apontar, bem perto do fim, o golo da vit\u00f3ria na Hungria (3-2), aparece como principal candidato a render Mendes na lateral-esquerda, numa convocat\u00f3ria de 24 jogadores que n\u00e3o tem nenhum jogador de raiz para essa posi\u00e7\u00e3o, mas que tem o estreante Carlos Forbs, avan\u00e7ado dos belgas do Club Brugge.<\/p>\n<p>Diogo Dalot e Nelson Semedo tamb\u00e9m s\u00e3o pretendentes ao lugar para uma partida que, em termos te\u00f3ricos, Portugal \u00e9 claramente favorito, devido ao atual desn\u00edvel entre as duas sele\u00e7\u00f5es, mas que historicamente promete ser dif\u00edcil para o lado luso.<\/p>\n<p data-remotead-prev-elm=\"true\" data-remotead-elm-id=\"centro2\">Portugal nunca venceu em Dublin em jogos oficiais (\u00faltima visita em 2021 acabou num 0-0) e, em outubro, em Alvalade, acabou por triunfar apenas por 1-0, com um golo R\u00faben Neves j\u00e1 bem perto do apito final.<\/p>\n<p>A sele\u00e7\u00e3o nacional sabe que a vit\u00f3ria assegura o apuramento, embora o empate tamb\u00e9m possa ser suficiente, caso a Hungria n\u00e3o consiga triunfar na Arm\u00e9nia.<\/p>\n<p>J\u00e1 a Irlanda, longe do potencial que apresentou nos anos 90 e 2000, ainda sonha com um regresso a um Campeonato do Mundo desde 2002, mas necessita para isso de obter um bom resultado sobre Portugal, com a vit\u00f3ria a poder ser o lucky charm que precisam para isso acontecer.<\/p>\n<p data-remotead-prev-elm=\"true\" data-remotead-elm-id=\"centro3\">Depois da muralha verde imposta em Alvalade, em que praticamente n\u00e3o saiu do seu meio campo, a equipa do island\u00eas Heimir Hallgr\u00edmsson, t\u00e9cnico muito contestado na Irlanda, dever\u00e1 mostrar-se mais atrevida no Aviva Stadium.<\/p>\n<p>Evan Ferguson, jovem avan\u00e7ado da Roma e uma das principais figura, est\u00e1 em d\u00favida na equipa irlandesa devido a les\u00e3o.<\/p>\n<p>O Irlanda-Portugal est\u00e1 agendado para as 19:45, no Aviva Stadium, em Dublin, e ter\u00e1 arbitragem do sueco Glenn Nyberg.<\/p>\n<p data-remotead-prev-elm=\"true\" data-remotead-elm-id=\"centro4\">Portugal lidera o Grupo F, com 10 pontos, mais cinco do que a Hungria, segunda classificada, seguida da Rep\u00fablica da Irlanda, com quatro, e da Arm\u00e9nia, com tr\u00eas.<\/p>\n<p>O vencedor do grupo assegura um lugar na fase final do torneio, que se vai disputar no pr\u00f3ximo ano nos Estados Unidos, no Canad\u00e1 e no M\u00e9xico e que, pela primeira vez, vai ter 48 sele\u00e7\u00f5es. J\u00e1 o segundo colocado ter\u00e1 de disputar os play-offs.<\/p>\n","protected":false},"excerpt":{"rendered":"Na capital irlandesa, na quinta e pen\u00faltima jornada do Grupo F, o m\u00e9dio Bruno Fernandes \u00e9 baixa certa,&hellip;\n","protected":false},"author":2,"featured_media":147988,"comment_status":"","ping_status":"","sticky":false,"template":"","format":"standard","meta":{"footnotes":""},"categories":[87],"tags":[135,524,32,33,25827,134],"class_list":{"0":"post-147987","1":"post","2":"type-post","3":"status-publish","4":"format-standard","5":"has-post-thumbnail","7":"category-desporto","8":"tag-desporto","9":"tag-futebol","10":"tag-portugal","11":"tag-pt","12":"tag-republica-da-irlanda","13":"tag-sports"},"share_on_mastodon":{"url":"https:\/\/pubeurope.com\/@pt\/115531328117773782","error":""},"_links":{"self":[{"href":"https:\/\/www.europesays.com\/pt\/wp-json\/wp\/v2\/posts\/147987","targetHints":{"allow":["GET"]}}],"collection":[{"href":"https:\/\/www.europesays.com\/pt\/wp-json\/wp\/v2\/posts"}],"about":[{"href":"https:\/\/www.europesays.com\/pt\/wp-json\/wp\/v2\/types\/post"}],"author":[{"embeddable":true,"href":"https:\/\/www.europesays.com\/pt\/wp-json\/wp\/v2\/users\/2"}],"replies":[{"embeddable":true,"href":"https:\/\/www.europesays.com\/pt\/wp-json\/wp\/v2\/comments?post=147987"}],"version-history":[{"count":0,"href":"https:\/\/www.europesays.com\/pt\/wp-json\/wp\/v2\/posts\/147987\/revisions"}],"wp:featuredmedia":[{"embeddable":true,"href":"https:\/\/www.europesays.com\/pt\/wp-json\/wp\/v2\/media\/147988"}],"wp:attachment":[{"href":"https:\/\/www.europesays.com\/pt\/wp-json\/wp\/v2\/media?parent=147987"}],"wp:term":[{"taxonomy":"category","embeddable":true,"href":"https:\/\/www.europesays.com\/pt\/wp-json\/wp\/v2\/categories?post=147987"},{"taxonomy":"post_tag","embeddable":true,"href":"https:\/\/www.europesays.com\/pt\/wp-json\/wp\/v2\/tags?post=147987"}],"curies":[{"name":"wp","href":"https:\/\/api.w.org\/{rel}","templated":true}]}}