{"id":148016,"date":"2025-11-11T13:59:09","date_gmt":"2025-11-11T13:59:09","guid":{"rendered":"https:\/\/www.europesays.com\/pt\/148016\/"},"modified":"2025-11-11T13:59:09","modified_gmt":"2025-11-11T13:59:09","slug":"avo-morre-atropelada-quando-levava-o-neto-a-escola-em-mangualde","status":"publish","type":"post","link":"https:\/\/www.europesays.com\/pt\/148016\/","title":{"rendered":"Av\u00f3 morre atropelada quando levava o neto \u00e0 escola em Mangualde"},"content":{"rendered":"<p data-remotead-prev-elm=\"true\" data-remotead-elm-id=\"inread\">&#8220;Uma senhora que ia levar o seu neto de dois anos \u00e0 escola e acabaram por ser apanhados por um ve\u00edculo. A crian\u00e7a teve umas escoria\u00e7\u00f5es ligeiras e a senhora acabou por n\u00e3o resistir&#8221;, acrescentou o adjunto, Lu\u00eds Martins.<\/p>\n<p>O atropelamento ocorreu no centro de Mangualde, distrito de Viseu, e no local estiveram os Bombeiros Volunt\u00e1rios de Mangualde, a Viatura M\u00e9dica de Emerg\u00eancia e Reanima\u00e7\u00e3o (VMER) de Viseu e a Guarda Nacional Republicana (GNR).<\/p>\n<p>O alerta foi dado pelas 9.12 horas, segundo o Comando Sub-regional Viseu D\u00e3o Laf\u00f5es da Prote\u00e7\u00e3o Civil.<\/p>\n","protected":false},"excerpt":{"rendered":"&#8220;Uma senhora que ia levar o seu neto de dois anos \u00e0 escola e acabaram por ser apanhados&hellip;\n","protected":false},"author":2,"featured_media":148017,"comment_status":"","ping_status":"","sticky":false,"template":"","format":"standard","meta":{"footnotes":"","_share_on_mastodon":"0"},"categories":[10],"tags":[2240,27,28,21968,15,16,14,25,26,21,22,3653,12,13,19,20,32,23,24,33,17,18,29,30,31],"class_list":["post-148016","post","type-post","status-publish","format-standard","has-post-thumbnail","category-portugal","tag-atropelamento","tag-breaking-news","tag-breakingnews","tag-concelho-mangualde","tag-featured-news","tag-featurednews","tag-headlines","tag-latest-news","tag-latestnews","tag-main-news","tag-mainnews","tag-mangualde","tag-news","tag-noticias","tag-noticias-principais","tag-noticiasprincipais","tag-portugal","tag-principais-noticias","tag-principaisnoticias","tag-pt","tag-top-stories","tag-topstories","tag-ultimas","tag-ultimas-noticias","tag-ultimasnoticias"],"share_on_mastodon":{"url":"https:\/\/pubeurope.com\/@pt\/115531426332281015","error":""},"_links":{"self":[{"href":"https:\/\/www.europesays.com\/pt\/wp-json\/wp\/v2\/posts\/148016","targetHints":{"allow":["GET"]}}],"collection":[{"href":"https:\/\/www.europesays.com\/pt\/wp-json\/wp\/v2\/posts"}],"about":[{"href":"https:\/\/www.europesays.com\/pt\/wp-json\/wp\/v2\/types\/post"}],"author":[{"embeddable":true,"href":"https:\/\/www.europesays.com\/pt\/wp-json\/wp\/v2\/users\/2"}],"replies":[{"embeddable":true,"href":"https:\/\/www.europesays.com\/pt\/wp-json\/wp\/v2\/comments?post=148016"}],"version-history":[{"count":0,"href":"https:\/\/www.europesays.com\/pt\/wp-json\/wp\/v2\/posts\/148016\/revisions"}],"wp:featuredmedia":[{"embeddable":true,"href":"https:\/\/www.europesays.com\/pt\/wp-json\/wp\/v2\/media\/148017"}],"wp:attachment":[{"href":"https:\/\/www.europesays.com\/pt\/wp-json\/wp\/v2\/media?parent=148016"}],"wp:term":[{"taxonomy":"category","embeddable":true,"href":"https:\/\/www.europesays.com\/pt\/wp-json\/wp\/v2\/categories?post=148016"},{"taxonomy":"post_tag","embeddable":true,"href":"https:\/\/www.europesays.com\/pt\/wp-json\/wp\/v2\/tags?post=148016"}],"curies":[{"name":"wp","href":"https:\/\/api.w.org\/{rel}","templated":true}]}}