{"id":148033,"date":"2025-11-11T14:12:09","date_gmt":"2025-11-11T14:12:09","guid":{"rendered":"https:\/\/www.europesays.com\/pt\/148033\/"},"modified":"2025-11-11T14:12:09","modified_gmt":"2025-11-11T14:12:09","slug":"paddy-cosgrave-acusa-hoteis-de-ganancia-e-precos-abusivos-durante-web-summit-hotelaria","status":"publish","type":"post","link":"https:\/\/www.europesays.com\/pt\/148033\/","title":{"rendered":"Paddy Cosgrave acusa hot\u00e9is de \u201cgan\u00e2ncia\u201d e pre\u00e7os \u201cabusivos\u201d durante Web Summit | Hotelaria"},"content":{"rendered":"<p>A \u201cgan\u00e2ncia\u201d de \u201calguns hot\u00e9is em Lisboa\u201d est\u00e1 a criar \u201cum problema real de pre\u00e7os abusivos\u201d durante os dias em que decorre mais uma edi\u00e7\u00e3o da Web Summit na capital portuguesa, acusa o co-fundador do evento de tecnologia.<\/p>\n<p>Nas v\u00e1rias mensagens publicadas este s\u00e1bado na <a href=\"https:\/\/x.com\/paddycosgrave\" target=\"_blank\" rel=\"nofollow\">rede social X<\/a>, Paddy Cosgrave denuncia que algumas unidades de alojamento na cidade \u201caumentaram os pre\u00e7os em mais de 100% em rela\u00e7\u00e3o \u00e0 semana anterior\u201d, valores \u201cexorbitantes\u201d que, face \u00e0 procura elevada, at\u00e9 considera \u201ccompreens\u00edveis e razo\u00e1veis\u201d.<\/p>\n<p>\u201cMas quando certos hot\u00e9is aumentam os pre\u00e7os em mais de 300% e, por vezes, 500%, em compara\u00e7\u00e3o com as tarifas normais de Novembro, e depois se queixam publicamente dos h\u00f3spedes que recorrem ao Airbnb, \u00e9 dif\u00edcil ter simpatia\u201d, criticou o presidente executivo da Web Summit.<\/p>\n<p>As publica\u00e7\u00f5es no X surgiram poucos dias depois de a organiza\u00e7\u00e3o do evento alertar os participantes para a escassez de slots para <a href=\"https:\/\/www.publico.pt\/2025\/11\/05\/economia\/noticia\/web-summit-alerta-escassez-slots-jactos-privados-aeroporto-lisboa-2153514\" rel=\"nofollow noopener\" target=\"_blank\">jactos privados<\/a> no Aeroporto de Lisboa, que estava &#8220;a ter dificuldades na gest\u00e3o do volume de tr\u00e1fego&#8221; devido ao evento, com alguns &#8220;avi\u00f5es maiores&#8221; a serem desviados para outros aeroportos, incluindo em Espanha.<\/p>\n<p>\u201cAlguns hot\u00e9is de Lisboa tornaram-se inacess\u00edveis ao mercado devido aos pre\u00e7os e agora culpam a Airbnb pela falta de procura. Estes hot\u00e9is s\u00f3 podem culpar-se a si pr\u00f3prios\u201d, defende, dando como exemplo um hotel de quatro estrelas em que uma noite passou de cerca de 130\u20ac para 700\u20ac, representando \u201cuma infla\u00e7\u00e3o de aproximadamente 570%\u201d.<\/p>\n<p>&#8220;Considero balela qualquer tentativa de hot\u00e9is ou associa\u00e7\u00f5es hoteleiras de distrair as pessoas ou confundir os jornalistas da realidade de que existe um problema real de pre\u00e7os abusivos por parte de alguns hot\u00e9is em Lisboa\u201d, acrescentou, apesar de frisar que a maioria das unidades hoteleiras da cidade \u201c\u00e9 excelente\u201d. No entanto, remata, \u201ch\u00e1 sempre alguns que se deixam cegar pela gan\u00e2ncia e t\u00eam a ousadia de continuar a queixar-se\u201d.<\/p>\n<p>Em declara\u00e7\u00f5es ao <a href=\"https:\/\/expresso.pt\/economia\/economia_turismo\/2025-11-09-paddy-cosgrave-queixa-se-de-hoteis-em-lisboa-subirem-precos-mais-de-100-com-a-web-summit---que-e-paga-com-taxas-turisticas-3b6504cc\" target=\"_blank\" rel=\"nofollow noopener\">Expresso<\/a>, o presidente da Associa\u00e7\u00e3o da Hotelaria de Portugal (AHP) diz ter \u201cdificuldade em perceber sobre o que fala\u201d o CEO da Web Summit. \u201cSe eu fosse o sr. Paddy n\u00e3o me preocupava tanto com os pre\u00e7os. Afinal mais de metade do fee anual que a Web Summit recebe de Portugal vem das taxas tur\u00edsticas, cobradas aos hot\u00e9is em Lisboa\u201d, acrescenta Bernardo Trindade.<\/p>\n<p>Numa era de tarifas din\u00e2micas, impulsionadas pelos algoritmos das plataformas tecnol\u00f3gicas, \u00e9 expect\u00e1vel que os pre\u00e7os da hotelaria subam em resposta a picos de procura. No entanto, o presidente da AHP defende que a \u201cWeb Summit j\u00e1 n\u00e3o \u00e9 o que era\u201d, referindo-se aos anos iniciais do evento, em que os pre\u00e7os disparavam e a hotelaria esgotava.<\/p>\n<p>No Booking.com, mais de 90% dos alojamentos na plataforma est\u00e3o indispon\u00edveis para os dias do evento de tecnologia, que abriu esta segunda-feira e decorre at\u00e9 dia 13. J\u00e1 no alojamento local, o evento \u201cn\u00e3o est\u00e1 a trazer ocupa\u00e7\u00e3o total\u201d nem grandes \u201caumentos de pre\u00e7os\u201d, apesar de \u201cajudar a tornar melhor uma \u00e9poca que sempre foi, por tradi\u00e7\u00e3o, baixa\u201d, afirmou Eduardo Miranda, presidente da Associa\u00e7\u00e3o do Alojamento Local em Portugal (Alep), ao Expresso.<\/p>\n<p>A Web Summit arrancou em Lisboa em 2016 e o regresso anual ao pa\u00eds est\u00e1 garantido at\u00e9 2028. Para esta d\u00e9cima edi\u00e7\u00e3o, \u00e9 esperada a presen\u00e7a de mais de 70 mil participantes, acima de 2500 startups e mais de mil investidores.<\/p>\n","protected":false},"excerpt":{"rendered":"A \u201cgan\u00e2ncia\u201d de \u201calguns hot\u00e9is em Lisboa\u201d est\u00e1 a criar \u201cum problema real de pre\u00e7os abusivos\u201d durante os&hellip;\n","protected":false},"author":2,"featured_media":148034,"comment_status":"","ping_status":"","sticky":false,"template":"","format":"standard","meta":{"footnotes":""},"categories":[83],"tags":[88,89,90,287,4946,797,32,33,1456,18123],"class_list":{"0":"post-148033","1":"post","2":"type-post","3":"status-publish","4":"format-standard","5":"has-post-thumbnail","7":"category-empresas","8":"tag-business","9":"tag-economy","10":"tag-empresas","11":"tag-fugas","12":"tag-hotelaria","13":"tag-lisboa","14":"tag-portugal","15":"tag-pt","16":"tag-turismo","17":"tag-web-summit"},"share_on_mastodon":{"url":"https:\/\/pubeurope.com\/@pt\/115531477357403851","error":""},"_links":{"self":[{"href":"https:\/\/www.europesays.com\/pt\/wp-json\/wp\/v2\/posts\/148033","targetHints":{"allow":["GET"]}}],"collection":[{"href":"https:\/\/www.europesays.com\/pt\/wp-json\/wp\/v2\/posts"}],"about":[{"href":"https:\/\/www.europesays.com\/pt\/wp-json\/wp\/v2\/types\/post"}],"author":[{"embeddable":true,"href":"https:\/\/www.europesays.com\/pt\/wp-json\/wp\/v2\/users\/2"}],"replies":[{"embeddable":true,"href":"https:\/\/www.europesays.com\/pt\/wp-json\/wp\/v2\/comments?post=148033"}],"version-history":[{"count":0,"href":"https:\/\/www.europesays.com\/pt\/wp-json\/wp\/v2\/posts\/148033\/revisions"}],"wp:featuredmedia":[{"embeddable":true,"href":"https:\/\/www.europesays.com\/pt\/wp-json\/wp\/v2\/media\/148034"}],"wp:attachment":[{"href":"https:\/\/www.europesays.com\/pt\/wp-json\/wp\/v2\/media?parent=148033"}],"wp:term":[{"taxonomy":"category","embeddable":true,"href":"https:\/\/www.europesays.com\/pt\/wp-json\/wp\/v2\/categories?post=148033"},{"taxonomy":"post_tag","embeddable":true,"href":"https:\/\/www.europesays.com\/pt\/wp-json\/wp\/v2\/tags?post=148033"}],"curies":[{"name":"wp","href":"https:\/\/api.w.org\/{rel}","templated":true}]}}