{"id":148045,"date":"2025-11-11T14:27:09","date_gmt":"2025-11-11T14:27:09","guid":{"rendered":"https:\/\/www.europesays.com\/pt\/148045\/"},"modified":"2025-11-11T14:27:09","modified_gmt":"2025-11-11T14:27:09","slug":"cristiano-ronaldo-revela-quando-vai-terminar-a-carreira","status":"publish","type":"post","link":"https:\/\/www.europesays.com\/pt\/148045\/","title":{"rendered":"Cristiano Ronaldo revela quando vai terminar a carreira"},"content":{"rendered":"<p>A grande quest\u00e3o que se coloca \u00e9 a seguinte: daqui a quanto tempo deixaremos de ver Cristiano Ronaldo a brilhar nos relvados?<\/p>\n<p>Ora, o capit\u00e3o da Sele\u00e7\u00e3o Nacional respondeu a essa pergunta na manh\u00e3 desta ter\u00e7a-feira. Em v\u00eddeochamada numa confer\u00eancia na Ar\u00e1bia Saudita, no f\u00f3rum de turismo TOURISE, CR7 revelou que o Mundial 2026 \u00e9 a \u00faltima participa\u00e7\u00e3o na competi\u00e7\u00e3o.<\/p>\n<p>\u00abVou fazer 41 anos e acho que nesta grande competi\u00e7\u00e3o, n\u00e3o sei&#8230; \u00c9 como eu disse, estou a aproveitar este momento\u00bb, come\u00e7ou por dizer, antes de ser questionado sobre o \u00abpendurar das chuteiras\u00bb e o <a href=\"https:\/\/maisfutebol.iol.pt\/internacional\/cristiano-ronaldo\/ronaldo-ja-pensa-na-reforma-vai-ser-duro-provavelmente-vou-chorar\" target=\"_blank\" rel=\"nofollow noopener\">\u00abbreve\u00bb que falou na entrevista a Piers Morgan.<\/a><\/p>\n<p>\u00abEm breve, para mim, significa daqui a 10 anos. Estou a brincar! Estou a aproveitar muito este momento. Quando se chega a certa idade, os meses passam a contar-se rapidamente. Sinto-me muito bem neste momento. Continuo a marcar golos e ainda me sinto r\u00e1pido e \u00e1gil. Estou a desfrutar do meu futebol na Sele\u00e7\u00e3o. Mas sejamos sinceros: quando digo em breve, provavelmente ser\u00e1 dentro de um ou dois anos\u00bb, acrescentou.<\/p>\n","protected":false},"excerpt":{"rendered":"A grande quest\u00e3o que se coloca \u00e9 a seguinte: daqui a quanto tempo deixaremos de ver Cristiano Ronaldo&hellip;\n","protected":false},"author":2,"featured_media":148046,"comment_status":"","ping_status":"","sticky":false,"template":"","format":"standard","meta":{"footnotes":""},"categories":[87],"tags":[685,668,667,135,32348,46,32,33,47,669,134],"class_list":{"0":"post-148045","1":"post","2":"type-post","3":"status-publish","4":"format-standard","5":"has-post-thumbnail","7":"category-desporto","8":"tag-al-nassr","9":"tag-cr7","10":"tag-cristiano-ronaldo","11":"tag-desporto","12":"tag-final-de-carreira","13":"tag-maisfutebol","14":"tag-portugal","15":"tag-pt","16":"tag-pura-paixao","17":"tag-ronaldo","18":"tag-sports"},"share_on_mastodon":{"url":"https:\/\/pubeurope.com\/@pt\/115531536565424205","error":""},"_links":{"self":[{"href":"https:\/\/www.europesays.com\/pt\/wp-json\/wp\/v2\/posts\/148045","targetHints":{"allow":["GET"]}}],"collection":[{"href":"https:\/\/www.europesays.com\/pt\/wp-json\/wp\/v2\/posts"}],"about":[{"href":"https:\/\/www.europesays.com\/pt\/wp-json\/wp\/v2\/types\/post"}],"author":[{"embeddable":true,"href":"https:\/\/www.europesays.com\/pt\/wp-json\/wp\/v2\/users\/2"}],"replies":[{"embeddable":true,"href":"https:\/\/www.europesays.com\/pt\/wp-json\/wp\/v2\/comments?post=148045"}],"version-history":[{"count":0,"href":"https:\/\/www.europesays.com\/pt\/wp-json\/wp\/v2\/posts\/148045\/revisions"}],"wp:featuredmedia":[{"embeddable":true,"href":"https:\/\/www.europesays.com\/pt\/wp-json\/wp\/v2\/media\/148046"}],"wp:attachment":[{"href":"https:\/\/www.europesays.com\/pt\/wp-json\/wp\/v2\/media?parent=148045"}],"wp:term":[{"taxonomy":"category","embeddable":true,"href":"https:\/\/www.europesays.com\/pt\/wp-json\/wp\/v2\/categories?post=148045"},{"taxonomy":"post_tag","embeddable":true,"href":"https:\/\/www.europesays.com\/pt\/wp-json\/wp\/v2\/tags?post=148045"}],"curies":[{"name":"wp","href":"https:\/\/api.w.org\/{rel}","templated":true}]}}