{"id":148059,"date":"2025-11-11T14:38:19","date_gmt":"2025-11-11T14:38:19","guid":{"rendered":"https:\/\/www.europesays.com\/pt\/148059\/"},"modified":"2025-11-11T14:38:19","modified_gmt":"2025-11-11T14:38:19","slug":"ate-com-as-paredes-da-casa-ele-deve-ter-uma-atracaozita-vera-reage-em-direto-ao-novo-casal-da-casa-secret-story","status":"publish","type":"post","link":"https:\/\/www.europesays.com\/pt\/148059\/","title":{"rendered":"\u00abAt\u00e9 com as paredes da casa ele deve ter uma atra\u00e7\u00e3ozita\u00bb: Vera reage em direto ao novo &#8216;casal&#8217; da casa &#8211; Secret Story"},"content":{"rendered":"<p>Na gala do Secret Story 9,\u00a0Vera reage ao que est\u00e1 a acontecer entre Dylan e In\u00eas, visto que se beijaram na passada sexta-feira. Recorde-se que, Vera teve tamb\u00e9m uma liga\u00e7\u00e3o especial com cada um dos concorrentes.<\/p>\n<p><strong>H\u00e1 cinco nomeados em risco de sair j\u00e1 no pr\u00f3ximo domingo. VOTE PARA SALVAR:\u00a0<\/strong><\/p>\n<p>ANA CRISTINA \u2013 761 20 20 02<br \/>BRUNO \u2013 761 20 20 04<br \/>IN\u00caS \u2013 761 20 20 10<br \/>PEDRO \u2013 761 20 20 18<br \/>RAQUEL \u2013 761 20 20 22<\/p>\n<p>Veja tamb\u00e9m: <a href=\"https:\/\/tvi.iol.pt\/secretstory\/inscricoes\/casa-dos-segredos\/e-destemido-e-adora-misterios-inscreva-se-aqui-no-proximo-secret-story\" rel=\"nofollow noopener\" target=\"_blank\">\u00c9 destemido e adora mist\u00e9rios? Inscreva-se aqui no pr\u00f3ximo Secret Story<\/a><\/p>\n<p><a href=\"https:\/\/tvi.iol.pt\/secretstory\/aominuto\" rel=\"nofollow noopener\" target=\"_blank\">Acompanhe tudo o que se passa na casa mais vigiada do Pa\u00eds<\/a><\/p>\n","protected":false},"excerpt":{"rendered":"Na gala do Secret Story 9,\u00a0Vera reage ao que est\u00e1 a acontecer entre Dylan e In\u00eas, visto que&hellip;\n","protected":false},"author":2,"featured_media":148060,"comment_status":"","ping_status":"","sticky":false,"template":"","format":"standard","meta":{"footnotes":""},"categories":[142],"tags":[114,115,18800,32,33,151,162,18801],"class_list":{"0":"post-148059","1":"post","2":"type-post","3":"status-publish","4":"format-standard","5":"has-post-thumbnail","7":"category-tv","8":"tag-entertainment","9":"tag-entretenimento","10":"tag-momentos-virais-secret-story","11":"tag-portugal","12":"tag-pt","13":"tag-tv","14":"tag-tvi","15":"tag-videos-virais-concorrentes"},"share_on_mastodon":{"url":"https:\/\/pubeurope.com\/@pt\/115531579560031948","error":""},"_links":{"self":[{"href":"https:\/\/www.europesays.com\/pt\/wp-json\/wp\/v2\/posts\/148059","targetHints":{"allow":["GET"]}}],"collection":[{"href":"https:\/\/www.europesays.com\/pt\/wp-json\/wp\/v2\/posts"}],"about":[{"href":"https:\/\/www.europesays.com\/pt\/wp-json\/wp\/v2\/types\/post"}],"author":[{"embeddable":true,"href":"https:\/\/www.europesays.com\/pt\/wp-json\/wp\/v2\/users\/2"}],"replies":[{"embeddable":true,"href":"https:\/\/www.europesays.com\/pt\/wp-json\/wp\/v2\/comments?post=148059"}],"version-history":[{"count":0,"href":"https:\/\/www.europesays.com\/pt\/wp-json\/wp\/v2\/posts\/148059\/revisions"}],"wp:featuredmedia":[{"embeddable":true,"href":"https:\/\/www.europesays.com\/pt\/wp-json\/wp\/v2\/media\/148060"}],"wp:attachment":[{"href":"https:\/\/www.europesays.com\/pt\/wp-json\/wp\/v2\/media?parent=148059"}],"wp:term":[{"taxonomy":"category","embeddable":true,"href":"https:\/\/www.europesays.com\/pt\/wp-json\/wp\/v2\/categories?post=148059"},{"taxonomy":"post_tag","embeddable":true,"href":"https:\/\/www.europesays.com\/pt\/wp-json\/wp\/v2\/tags?post=148059"}],"curies":[{"name":"wp","href":"https:\/\/api.w.org\/{rel}","templated":true}]}}