{"id":148061,"date":"2025-11-11T14:40:09","date_gmt":"2025-11-11T14:40:09","guid":{"rendered":"https:\/\/www.europesays.com\/pt\/148061\/"},"modified":"2025-11-11T14:40:09","modified_gmt":"2025-11-11T14:40:09","slug":"terror-social-se-espalha-como-a-praga-no-trailer-do-novo-thriller-psicologico-confira","status":"publish","type":"post","link":"https:\/\/www.europesays.com\/pt\/148061\/","title":{"rendered":"Terror social se espalha como &#8216;A Praga&#8217; no trailer do novo thriller psicol\u00f3gico; Confira!"},"content":{"rendered":"<p>O thriller psicol\u00f3gico \u2018<strong><a href=\"https:\/\/cinepop.com.br\/tag\/the-plague\/\" title=\"The Plague\" rel=\"nofollow noopener\" target=\"_blank\">The Plague<\/a><\/strong>\u2018 (A Praga, em tradu\u00e7\u00e3o literal) ganhou o primeiro trailer.<\/p>\n<p>Confira e siga o <a href=\"https:\/\/www.youtube.com\/cinepop?sub_confirmation=1\" target=\"_blank\" rel=\"noopener nofollow\"><strong>CinePOP no Youtube<\/strong><\/a>:<\/p>\n<p><strong><a href=\"https:\/\/cinepop.com.br\/tag\/charlie-polinger\/\" title=\"Charlie Polinger\" rel=\"nofollow noopener\" target=\"_blank\">Charlie Polinger<\/a><\/strong>\u00a0\u00e9 respons\u00e1vel pela dire\u00e7\u00e3o e roteiro.<\/p>\n<p>Num acampamento de polo aqu\u00e1tico s\u00f3 para meninos, um garoto de 12 anos com ansiedade social \u00e9 arrastado para uma tradi\u00e7\u00e3o cruel que tem como alvo um exclu\u00eddo com uma doen\u00e7a chamada \u201cA Peste\u201d. Mas, \u00e0 medida que a linha entre o jogo e a realidade se torna t\u00eanue, ele teme que a brincadeira possa estar escondendo algo real.<\/p>\n<p><strong><a href=\"https:\/\/cinepop.com.br\/tag\/joel-edgerton\/\" title=\"Joel Edgerton\" rel=\"nofollow noopener\" target=\"_blank\">Joel Edgerton<\/a><\/strong> (\u2018A Coisa\u2019) estrela ao lado de <strong><a href=\"https:\/\/cinepop.com.br\/tag\/everett-blunck\/\" title=\"Everett Blunck\" rel=\"nofollow noopener\" target=\"_blank\">Everett Blunck<\/a><\/strong>,<strong> <a href=\"https:\/\/cinepop.com.br\/tag\/kayo-martin\/\" title=\"Kayo Martin\" rel=\"nofollow noopener\" target=\"_blank\">Kayo Martin<\/a><\/strong> e<strong>\u00a0<a href=\"https:\/\/cinepop.com.br\/tag\/kenny-rasmussen\/\" title=\"Kenny Rasmussen\" rel=\"nofollow noopener\" target=\"_blank\">Kenny Rasmussen<\/a><\/strong>.<\/p>\n<p><strong>Aclamada em sua estreia em Cannes, a produ\u00e7\u00e3o foi ovacionada por 11 minutos seguidos.<\/strong><\/p>\n<p>\u201cEu me inspirei em filmes como \u2018Carrie, a Estranha\u2019, \u2018Cisne Negro\u2019 e \u2018Oitava S\u00e9rie\u2019, que s\u00e3o hist\u00f3rias que exploram o terror social da vulnerabilidade, transforma\u00e7\u00e3o e corpo,\u201d declarou o cineasta.<\/p>\n<p>O longa ser\u00e1 lan\u00e7ado nos cinemas norte-americanos no <strong>dia 24 de dezembro<\/strong>.<\/p>\n","protected":false},"excerpt":{"rendered":"O thriller psicol\u00f3gico \u2018The Plague\u2018 (A Praga, em tradu\u00e7\u00e3o literal) ganhou o primeiro trailer. Confira e siga o&hellip;\n","protected":false},"author":2,"featured_media":148062,"comment_status":"","ping_status":"","sticky":false,"template":"","format":"standard","meta":{"footnotes":""},"categories":[140],"tags":[32349,114,115,32350,147,148,32351,32352,32353,146,32,33,32354],"class_list":{"0":"post-148061","1":"post","2":"type-post","3":"status-publish","4":"format-standard","5":"has-post-thumbnail","7":"category-filmes","8":"tag-charlie-polinger","9":"tag-entertainment","10":"tag-entretenimento","11":"tag-everett-blunck","12":"tag-film","13":"tag-filmes","14":"tag-joel-edgerton","15":"tag-kayo-martin","16":"tag-kenny-rasmussen","17":"tag-movies","18":"tag-portugal","19":"tag-pt","20":"tag-the-plague"},"share_on_mastodon":{"url":"https:\/\/pubeurope.com\/@pt\/115531587692714545","error":""},"_links":{"self":[{"href":"https:\/\/www.europesays.com\/pt\/wp-json\/wp\/v2\/posts\/148061","targetHints":{"allow":["GET"]}}],"collection":[{"href":"https:\/\/www.europesays.com\/pt\/wp-json\/wp\/v2\/posts"}],"about":[{"href":"https:\/\/www.europesays.com\/pt\/wp-json\/wp\/v2\/types\/post"}],"author":[{"embeddable":true,"href":"https:\/\/www.europesays.com\/pt\/wp-json\/wp\/v2\/users\/2"}],"replies":[{"embeddable":true,"href":"https:\/\/www.europesays.com\/pt\/wp-json\/wp\/v2\/comments?post=148061"}],"version-history":[{"count":0,"href":"https:\/\/www.europesays.com\/pt\/wp-json\/wp\/v2\/posts\/148061\/revisions"}],"wp:featuredmedia":[{"embeddable":true,"href":"https:\/\/www.europesays.com\/pt\/wp-json\/wp\/v2\/media\/148062"}],"wp:attachment":[{"href":"https:\/\/www.europesays.com\/pt\/wp-json\/wp\/v2\/media?parent=148061"}],"wp:term":[{"taxonomy":"category","embeddable":true,"href":"https:\/\/www.europesays.com\/pt\/wp-json\/wp\/v2\/categories?post=148061"},{"taxonomy":"post_tag","embeddable":true,"href":"https:\/\/www.europesays.com\/pt\/wp-json\/wp\/v2\/tags?post=148061"}],"curies":[{"name":"wp","href":"https:\/\/api.w.org\/{rel}","templated":true}]}}