{"id":148085,"date":"2025-11-11T14:54:11","date_gmt":"2025-11-11T14:54:11","guid":{"rendered":"https:\/\/www.europesays.com\/pt\/148085\/"},"modified":"2025-11-11T14:54:11","modified_gmt":"2025-11-11T14:54:11","slug":"jovens-esconde-segredo-sombrio-no-trailer-do-terror-influencers-confira","status":"publish","type":"post","link":"https:\/\/www.europesays.com\/pt\/148085\/","title":{"rendered":"Jovens esconde segredo SOMBRIO no trailer do terror &#8216;Influencers&#8217;; Confira!"},"content":{"rendered":"<p>O terror \u2018<strong>Influencers<\/strong>\u2018, sequ\u00eancia do aclamado \u2018<strong>Influencer<\/strong>\u2018, ganhou o primeiro trailer.<\/p>\n<p>Confira e siga o <a href=\"https:\/\/www.youtube.com\/cinepop?sub_confirmation=1\" target=\"_blank\" rel=\"noopener nofollow\"><strong>CinePOP no Youtube<\/strong><\/a>:<\/p>\n<p>Ambientada no so sul da Fran\u00e7a, a trama segue CW, que vive uma vida tranquila e id\u00edlica com sua namorada Diane, escondendo uma obsess\u00e3o sombria por assassinatos e roubo de identidade.<\/p>\n<p>Durante uma viagem de anivers\u00e1rio, elas conhecem Charlotte, uma influenciadora ousada e sedutora cuja curiosidade rapidamente se torna invasiva. Quando CW age por um impulso violento, as consequ\u00eancias saem do controle e, \u00e0 medida que Diane come\u00e7a a suspeitar da verdade, a vida cuidadosamente constru\u00edda por CW amea\u00e7a desmoronar.<\/p>\n<p><strong>Kurtis David Harder<\/strong> retorna \u00e0 dire\u00e7\u00e3o.<\/p>\n<p><strong>Cassandra Naud <\/strong>retorna, reprisando seu papel do primeiro filme.<\/p>\n<p>O elenco ainda conta com <strong>Emily Tennant<\/strong>,<strong> Georgina Campbell<\/strong>,<strong> Lisa Delamar<\/strong>,<strong> Jonathan Whitesell<\/strong>,<strong> Veronica Long <\/strong>e<strong>\u00a0Dylan Playfair<\/strong>.<\/p>\n<p>O longa ser\u00e1 lan\u00e7ado pelo <strong>Shudder<\/strong> no <strong>dia 12 de dezembro<\/strong>.<\/p>\n<p><img fetchpriority=\"high\" decoding=\"async\" class=\"alignnone wp-image-702797\" src=\"https:\/\/www.europesays.com\/pt\/wp-content\/uploads\/2025\/11\/Influencers_PressArt_2x3-scaled-1.webp.webp\" alt=\"\" width=\"787\" height=\"1180\"  \/><\/p>\n","protected":false},"excerpt":{"rendered":"O terror \u2018Influencers\u2018, sequ\u00eancia do aclamado \u2018Influencer\u2018, ganhou o primeiro trailer. Confira e siga o CinePOP no Youtube:&hellip;\n","protected":false},"author":2,"featured_media":148086,"comment_status":"","ping_status":"","sticky":false,"template":"","format":"standard","meta":{"footnotes":""},"categories":[140],"tags":[32356,32357,32358,114,115,147,148,21364,1434,28249,32359,32360,32361,146,32,33,32362,32363,21296,32364],"class_list":{"0":"post-148085","1":"post","2":"type-post","3":"status-publish","4":"format-standard","5":"has-post-thumbnail","7":"category-filmes","8":"tag-cassandra-naud","9":"tag-dylan-playfair","10":"tag-emily-tennant","11":"tag-entertainment","12":"tag-entretenimento","13":"tag-film","14":"tag-filmes","15":"tag-georgina-campbell","16":"tag-influencer","17":"tag-influencers","18":"tag-jonathan-whitesell","19":"tag-kurtis-david-harder","20":"tag-lisa-delamar","21":"tag-movies","22":"tag-portugal","23":"tag-pt","24":"tag-rory-j-saper","25":"tag-sara-canning","26":"tag-shudder","27":"tag-veronica-long"},"share_on_mastodon":{"url":"https:\/\/pubeurope.com\/@pt\/115531642865925801","error":""},"_links":{"self":[{"href":"https:\/\/www.europesays.com\/pt\/wp-json\/wp\/v2\/posts\/148085","targetHints":{"allow":["GET"]}}],"collection":[{"href":"https:\/\/www.europesays.com\/pt\/wp-json\/wp\/v2\/posts"}],"about":[{"href":"https:\/\/www.europesays.com\/pt\/wp-json\/wp\/v2\/types\/post"}],"author":[{"embeddable":true,"href":"https:\/\/www.europesays.com\/pt\/wp-json\/wp\/v2\/users\/2"}],"replies":[{"embeddable":true,"href":"https:\/\/www.europesays.com\/pt\/wp-json\/wp\/v2\/comments?post=148085"}],"version-history":[{"count":0,"href":"https:\/\/www.europesays.com\/pt\/wp-json\/wp\/v2\/posts\/148085\/revisions"}],"wp:featuredmedia":[{"embeddable":true,"href":"https:\/\/www.europesays.com\/pt\/wp-json\/wp\/v2\/media\/148086"}],"wp:attachment":[{"href":"https:\/\/www.europesays.com\/pt\/wp-json\/wp\/v2\/media?parent=148085"}],"wp:term":[{"taxonomy":"category","embeddable":true,"href":"https:\/\/www.europesays.com\/pt\/wp-json\/wp\/v2\/categories?post=148085"},{"taxonomy":"post_tag","embeddable":true,"href":"https:\/\/www.europesays.com\/pt\/wp-json\/wp\/v2\/tags?post=148085"}],"curies":[{"name":"wp","href":"https:\/\/api.w.org\/{rel}","templated":true}]}}