{"id":148139,"date":"2025-11-11T15:41:13","date_gmt":"2025-11-11T15:41:13","guid":{"rendered":"https:\/\/www.europesays.com\/pt\/148139\/"},"modified":"2025-11-11T15:41:13","modified_gmt":"2025-11-11T15:41:13","slug":"imprensa-russa-revela-que-fc-porto-esta-disposto-a-avancar-com-20-milhoes-de-euros-por-promessa-do-lokomotiv","status":"publish","type":"post","link":"https:\/\/www.europesays.com\/pt\/148139\/","title":{"rendered":"Imprensa russa revela que FC Porto est\u00e1 disposto a avan\u00e7ar com 20 milh\u00f5es de euros por promessa do Lokomotiv"},"content":{"rendered":"<p>&#8211; Advertisement &#8211;<\/p>\n<p>Aleksey Batrakov est\u00e1 no radar do FC Porto para um dos pr\u00f3ximos mercados de transfer\u00eancias. A informa\u00e7\u00e3o est\u00e1 a ser avan\u00e7ada pela imprensa russa, que indica que o conjunto do Drag\u00e3o est\u00e1 disposto a avan\u00e7ar com 20 milh\u00f5es de euros pelo jogador que milita no Lokomotiv.<\/p>\n<p>O russo de 20 anos \u00e9 m\u00e9dio ofensivo e \u00e9 um dos destaques do seu pa\u00eds. Esta temporada leva 17 encontros, com 12 golos marcados e quatro assist\u00eancias. \u00c9 considerado como pe\u00e7a chave Mikhail Galaktionov, t\u00e9cnico do Lokomotiv.<\/p>\n<p>Aleksey Batrakov tem um valor de mercado de 23 milh\u00f5es de euros, segundo o Transfermarkt. <a href=\"https:\/\/bolanarede.pt\/especial-bola-na-rede\/atualidade\/fc-porto-aponta-baterias-para-o-russo-aleksandr-chernikov-por-indicacao-de-francesco-farioli\/\" target=\"_blank\" rel=\"noreferrer noopener nofollow\">Alguns jogadores russos foram apontados<\/a> ao FC Porto no ver\u00e3o, mas nenhum neg\u00f3cio se concretizou.<\/p>\n<blockquote class=\"twitter-tweet\" data-width=\"550\" data-dnt=\"true\">\n<p lang=\"pt\" dir=\"ltr\">\ud83d\udea8\ud83d\udea8 Ap\u00f3s os rumores de Aleksandr Chernikov e Eduard Spertsyan no ver\u00e3o, surge agora nova noticia que liga o FC Porto ao campeonato russo.<\/p>\n<p>Aleksey Batrakov, uma das maiores j\u00f3ias do pa\u00eds. M\u00e9dio ofensivo de 20 anos que, segundo a imprensa \ud83c\uddf7\ud83c\uddfa, o clube est\u00e1 disposto a pagar 20M\u20ac. <a href=\"https:\/\/t.co\/sRMCcc75Ma\" rel=\"nofollow\">pic.twitter.com\/sRMCcc75Ma<\/a><\/p>\n<p>\u2014 Desarme T\u00e1tico \ud83d\udc09 (@desarme_tatico) <a href=\"https:\/\/twitter.com\/desarme_tatico\/status\/1988202048207393218?ref_src=twsrc%5Etfw\" rel=\"nofollow noopener\" target=\"_blank\">November 11, 2025<\/a><\/p><\/blockquote>\n<p><script async src=\"https:\/\/platform.twitter.com\/widgets.js\" charset=\"utf-8\"><\/script><\/p>\n","protected":false},"excerpt":{"rendered":"&#8211; Advertisement &#8211; Aleksey Batrakov est\u00e1 no radar do FC Porto para um dos pr\u00f3ximos mercados de transfer\u00eancias.&hellip;\n","protected":false},"author":2,"featured_media":148140,"comment_status":"","ping_status":"","sticky":false,"template":"","format":"standard","meta":{"footnotes":""},"categories":[87],"tags":[32367,260,135,478,282,32,479,33,134],"class_list":{"0":"post-148139","1":"post","2":"type-post","3":"status-publish","4":"format-standard","5":"has-post-thumbnail","7":"category-desporto","8":"tag-aleksey-batrakov","9":"tag-atualidade","10":"tag-desporto","11":"tag-destaques-bnr","12":"tag-fc-porto","13":"tag-portugal","14":"tag-primeira-liga","15":"tag-pt","16":"tag-sports"},"share_on_mastodon":{"url":"https:\/\/pubeurope.com\/@pt\/115531827483963311","error":""},"_links":{"self":[{"href":"https:\/\/www.europesays.com\/pt\/wp-json\/wp\/v2\/posts\/148139","targetHints":{"allow":["GET"]}}],"collection":[{"href":"https:\/\/www.europesays.com\/pt\/wp-json\/wp\/v2\/posts"}],"about":[{"href":"https:\/\/www.europesays.com\/pt\/wp-json\/wp\/v2\/types\/post"}],"author":[{"embeddable":true,"href":"https:\/\/www.europesays.com\/pt\/wp-json\/wp\/v2\/users\/2"}],"replies":[{"embeddable":true,"href":"https:\/\/www.europesays.com\/pt\/wp-json\/wp\/v2\/comments?post=148139"}],"version-history":[{"count":0,"href":"https:\/\/www.europesays.com\/pt\/wp-json\/wp\/v2\/posts\/148139\/revisions"}],"wp:featuredmedia":[{"embeddable":true,"href":"https:\/\/www.europesays.com\/pt\/wp-json\/wp\/v2\/media\/148140"}],"wp:attachment":[{"href":"https:\/\/www.europesays.com\/pt\/wp-json\/wp\/v2\/media?parent=148139"}],"wp:term":[{"taxonomy":"category","embeddable":true,"href":"https:\/\/www.europesays.com\/pt\/wp-json\/wp\/v2\/categories?post=148139"},{"taxonomy":"post_tag","embeddable":true,"href":"https:\/\/www.europesays.com\/pt\/wp-json\/wp\/v2\/tags?post=148139"}],"curies":[{"name":"wp","href":"https:\/\/api.w.org\/{rel}","templated":true}]}}