{"id":148165,"date":"2025-11-11T16:01:13","date_gmt":"2025-11-11T16:01:13","guid":{"rendered":"https:\/\/www.europesays.com\/pt\/148165\/"},"modified":"2025-11-11T16:01:13","modified_gmt":"2025-11-11T16:01:13","slug":"emissoes-de-co2-na-china-permanecem-estaveis-ou-em-queda","status":"publish","type":"post","link":"https:\/\/www.europesays.com\/pt\/148165\/","title":{"rendered":"Emiss\u00f5es de CO2 na China permanecem est\u00e1veis ou em queda"},"content":{"rendered":"<p>                As \u00faltimas an\u00e1lises revelam que as emiss\u00f5es de di\u00f3xido de carbono da China permaneceram est\u00e1veis ou em queda nos \u00faltimos 18 meses, refor\u00e7ando a esperan\u00e7a de que o maior poluidor do mundo tenha conseguido atingir a sua meta de pico de emiss\u00f5es de CO2 bem antes do previsto.<br \/>\n<b><br \/>&#13;<br \/>\nA tend\u00eancia, que come\u00e7ou em mar\u00e7o de 2024, significa que as emiss\u00f5es de CO2 podem cair este ano, na aus\u00eancia de um pico no final do ano<\/b>, mostrou a an\u00e1lise de Lauri Myllyvirta, do Centro de Investiga\u00e7\u00e3o de Energia e Ar Limpo, com sede em Hels\u00ednquia.A emiss\u00e3o de CO2 aumentou 0,8 por cento em 2024, &#13;<br \/>\nap\u00f3s uma recupera\u00e7\u00e3o p\u00f3s-pandemia no in\u00edcio do ano, segundo uma an\u00e1lise &#13;<br \/>\nanterior da publica\u00e7\u00e3o clim\u00e1tica Carbon Brief. <\/p>\n<p><b>O r\u00e1pido aumento da implementa\u00e7\u00e3o da gera\u00e7\u00e3o de energia solar e e\u00f3lica \u2013 que cresceu 46 por cento e 11 por cento, respetivamente, no terceiro trimestre deste ano \u2013 fez com que as emiss\u00f5es do setor energ\u00e9tico do pa\u00eds se mantivessem est\u00e1veis, mesmo com o aumento da procura de eletricidade.<\/b><\/p>\n<p>&#13;<br \/>\nA China adicionou 240 GW de capacidade solar nos primeiros nove meses deste ano e 61 GW de energia e\u00f3lica, o que a coloca a caminho de bater mais um recorde de energias renov\u00e1veis em 2025.<b> No ano passado, o pa\u00eds instalou 333 GW de energia solar, mais do que o resto do mundo.\u00a0<\/b>&#13;\n<\/p>\n<p>&#13;<br \/>\nA an\u00e1lise do Centro de Investiga\u00e7\u00e3o em Energia e Ar Limpo (Crea), para o Carbon Brief, constatou que as emiss\u00f5es de CO2 da China permaneceram inalteradas em rela\u00e7\u00e3o ao ano anterior no terceiro trimestre de 2025, gra\u00e7as, em parte, \u00e0 queda das emiss\u00f5es dos setores das viagens, cimento e a\u00e7o.&#13;\n<\/p>\n<p><b><br \/>&#13;<br \/>\nLauri Myllyvirta, analista-chefe da Crea, observou que a tend\u00eancia geral de emiss\u00f5es da China para 2025 poder\u00e1 ainda registar um pequeno aumento, dependendo do que acontecer no \u00faltimo trimestre do ano. <\/b><\/p>\n<p>Mas, assumindo que 2025 segue a tend\u00eancia dos anos anteriores, em que a procura de eletricidade chinesa e as emiss\u00f5es associadas crescem mais rapidamente nos meses de Ver\u00e3o, as suas emiss\u00f5es de CO2 poder\u00e3o registar uma descida ao longo do ano. <br \/>&#13;<br \/>\nA China \u00e9 o maior emissor mundial de gases com efeito de estufa no meio &#13;<br \/>\ndas altera\u00e7\u00f5es clim\u00e1ticas (15,6 mil milh\u00f5es de toneladas de CO2 &#13;<br \/>\nequivalente) e o pa\u00eds com a maior frota de ve\u00edculos el\u00e9tricos e &#13;<br \/>\ninfraestruturas de energia renov\u00e1vel. <\/p>\n<p><b>Embora a China esteja provavelmente no bom caminho para atingir a sua meta de pico de emiss\u00f5es antes do previsto, a analista da Crea frisou que algumas \u00e1reas da economia est\u00e3o na contram\u00e3o da tend\u00eancia de descarboniza\u00e7\u00e3o. <\/b><\/p>\n<p>A procura de petr\u00f3leo e as emiss\u00f5es no sector dos transportes ca\u00edram cinco por cento no terceiro trimestre, mas cresceram 10% noutros sectores, devido ao aumento da produ\u00e7\u00e3o de pl\u00e1sticos e outros produtos qu\u00edmicosMetas demasiado modestas <br \/>&#13;<br \/>\nAs metas duplas de Pequim em mat\u00e9ria de carbono s\u00e3o atingir o pico de emiss\u00f5es at\u00e9 2030 e a neutralidade l\u00edquida at\u00e9 2060. Em setembro, o pa\u00eds divulgou as suas mais recentes metas clim\u00e1ticas, que visam reduzir as emiss\u00f5es totais de gases com efeito de estufa entre sete por cento e 10 por cento do pico at\u00e9 2035. <\/p>\n<p><b>A estabilidade das emiss\u00f5es no terceiro trimestre de 2025 ocorreu porque o aumento das emiss\u00f5es do setor qu\u00edmico compensou as quebras ou estabiliza\u00e7\u00f5es noutros setores.<\/b>Mas a China tem um historial de prometer menos e de entregar mais do que o esperado em rela\u00e7\u00e3o \u00e0s metas clim\u00e1ticas. <\/p>\n<p>As emiss\u00f5es do setor dos transportes ca\u00edram cinco por cento e as do setor el\u00e9trico mantiveram-se est\u00e1veis no terceiro trimestre, mesmo com o aumento de 6,1 por cento da procura de eletricidade, segundo a an\u00e1lise.<br \/>&#13;<br \/>\n<b><br \/>&#13;<br \/>\nOs especialistas afirmam que estas metas s\u00e3o demasiado modestas para evitar uma cat\u00e1strofe global e est\u00e3o muito aqu\u00e9m da redu\u00e7\u00e3o de 30 por cento que \u00e9 vi\u00e1vel e necess\u00e1ria. <\/b><\/p>\n<p>A gera\u00e7\u00e3o de eletricidade a partir de fontes e\u00f3licas, solares, nucleares e hidroel\u00e9tricas cobriu cerca de 90 por cento deste aumento da procura. A gera\u00e7\u00e3o a g\u00e1s tamb\u00e9m reduziu a quota de carv\u00e3o.<\/p>\n<p>No entanto, o crescimento da ind\u00fastria qu\u00edmica impediu a queda das emiss\u00f5es totais. A produ\u00e7\u00e3o de pl\u00e1stico cresceu 12 por cento em termos hom\u00f3logos, entre janeiro e setembro, impulsionada pela crescente procura interna de pl\u00e1stico para entrega de alimentos e com\u00e9rcio eletr\u00f3nico.<br \/>&#13;<br \/>\n<b><br \/>&#13;<br \/>\nA China tamb\u00e9m aumentou a produ\u00e7\u00e3o interna de polietileno, o tipo de pl\u00e1stico mais utilizado, em resposta \u00e0 guerra comercial com os EUA, segundo a an\u00e1lise.<\/b><\/p>\n<p>&#13;<br \/>\nO Governo incentivou ainda as refinarias a migrarem para a produ\u00e7\u00e3o qu\u00edmica para compensar a queda da procura de combust\u00edveis para os transportes, no meio da ampla transi\u00e7\u00e3o para os ve\u00edculos el\u00e9tricos.&#13;\n<\/p>\n<p>&#13;<br \/>\nLi Shuo, diretor do China Climate Hub no Asia Society Policy Institute, um think tank sediado nos EUA, afirmou numa nota que as mais recentes metas clim\u00e1ticas chinesas devem ser vistas como uma base e n\u00e3o como um teto.&#13;\n<\/p>\n<p>\n<b>A China est\u00e1 tamb\u00e9m a caminho de n\u00e3o atingir a sua meta de redu\u00e7\u00e3o da intensidade carb\u00f3nica \u2013 as emiss\u00f5es de CO2 por unidade de produto interno bruto \u2013 entre 2020 e 2025.<\/b><\/p>\n<p>Isto significa que ser\u00e3o necess\u00e1rias redu\u00e7\u00f5es mais dr\u00e1sticas para que o pa\u00eds atinja a sua meta de 2030 de reduzir a intensidade carb\u00f3nica em 65 por cento, em compara\u00e7\u00e3o com 2005.<br \/>&#13;<br \/>\nChina elogiada na COP30<br \/>&#13;<br \/>\nAs conclus\u00f5es surgem numa altura em que os l\u00edderes globais se re\u00fanem no Brasil para a COP30, que decorre num contexto de crescente urg\u00eancia na luta contra a crise clim\u00e1tica.<\/p>\n<p>O presidente chin\u00eas, Xi Jinping, n\u00e3o compareceu na cimeira de l\u00edderes na confer\u00eancia clim\u00e1tica da ONU, mas a delega\u00e7\u00e3o chinesa est\u00e1 presente nas negocia\u00e7\u00f5es. O hom\u00f3logo americano de Xi, Donald Trump, tamb\u00e9m n\u00e3o compareceu nem enviou uma equipa de negocia\u00e7\u00e3o.A sa\u00edda dos EUA dos acordos clim\u00e1ticos &#13;<br \/>\ninternacionais sob a presid\u00eancia de Donald Trump abriu espa\u00e7o para que a&#13;<br \/>\nChina desempenhe um papel maior na quest\u00e3o, incluindo na COP30, a &#13;<br \/>\ncimeira clim\u00e1tica da ONU no Brasil. <\/p>\n<p>Na semana passada, o secret\u00e1rio-geral da ONU, Ant\u00f3nio Guterres, afirmou que o mundo enfrenta uma \u201cfalha moral e neglig\u00eancia mortal\u201d caso os governos n\u00e3o consigam limitar o aquecimento global a 1,5\u00b0C.<\/p>\n<p><a href=\"https:\/\/www.rtp.pt\/noticias\/mundo\/anfitriao-da-cop30-elogia-china-e-assinala-reducao-do-entusiasmo-do-norte-global_n1697176\" target=\"_blank\" rel=\"nofollow noopener\">Na segunda-feira, Andr\u00e9 Corr\u00eaa do Lago, diplomata brasileiro e presidente da COP30, elogiou o progresso da China nas tecnologias verdes.<\/a> \u201cA China est\u00e1 a apresentar solu\u00e7\u00f5es que s\u00e3o para todos, n\u00e3o apenas para a China\u201d, disse, acrescentando que os pa\u00edses ricos perderam o entusiasmo em enfrentar a crise clim\u00e1tica.<br \/>&#13;<br \/>\n<b><br \/>&#13;<br \/>\nNa China, todas as aten\u00e7\u00f5es est\u00e3o viradas para o 15.\u00ba Plano Quinquenal, que define as prioridades e pol\u00edticas do governo para o per\u00edodo de 2026 a 2030. <\/b><\/p>\n<p>&#13;<br \/>\nO texto integral s\u00f3 ser\u00e1 publicado no pr\u00f3ximo ano, mas as autoridades chinesas j\u00e1 indicaram que os sistemas energ\u00e9ticos de baixo carbono ser\u00e3o um dos focos do plano.&#13;\n<\/p>\n<p>&#13;<br \/>\nc\/ ag\u00eancias\u00a0&#13;<br \/>\n&#13;<\/p>\n","protected":false},"excerpt":{"rendered":"As \u00faltimas an\u00e1lises revelam que as emiss\u00f5es de di\u00f3xido de carbono da China permaneceram est\u00e1veis ou em queda&hellip;\n","protected":false},"author":2,"featured_media":148166,"comment_status":"","ping_status":"","sticky":false,"template":"","format":"standard","meta":{"footnotes":""},"categories":[50],"tags":[27,28,8654,358,11167,6391,7396,346,2270,32368,15,16,14,25,26,21,22,62,12,13,19,20,3422,23,24,8520,17,18,29,30,31,63,64,65],"class_list":{"0":"post-148165","1":"post","2":"type-post","3":"status-publish","4":"format-standard","5":"has-post-thumbnail","7":"category-mundo","8":"tag-breaking-news","9":"tag-breakingnews","10":"tag-carbono","11":"tag-china","12":"tag-co2","13":"tag-cop30","14":"tag-dioxido-de-carbono","15":"tag-emissoes","16":"tag-energia","17":"tag-eolica","18":"tag-featured-news","19":"tag-featurednews","20":"tag-headlines","21":"tag-latest-news","22":"tag-latestnews","23":"tag-main-news","24":"tag-mainnews","25":"tag-mundo","26":"tag-news","27":"tag-noticias","28":"tag-noticias-principais","29":"tag-noticiasprincipais","30":"tag-pequim","31":"tag-principais-noticias","32":"tag-principaisnoticias","33":"tag-solar","34":"tag-top-stories","35":"tag-topstories","36":"tag-ultimas","37":"tag-ultimas-noticias","38":"tag-ultimasnoticias","39":"tag-world","40":"tag-world-news","41":"tag-worldnews"},"share_on_mastodon":{"url":"https:\/\/pubeurope.com\/@pt\/115531905957003688","error":""},"_links":{"self":[{"href":"https:\/\/www.europesays.com\/pt\/wp-json\/wp\/v2\/posts\/148165","targetHints":{"allow":["GET"]}}],"collection":[{"href":"https:\/\/www.europesays.com\/pt\/wp-json\/wp\/v2\/posts"}],"about":[{"href":"https:\/\/www.europesays.com\/pt\/wp-json\/wp\/v2\/types\/post"}],"author":[{"embeddable":true,"href":"https:\/\/www.europesays.com\/pt\/wp-json\/wp\/v2\/users\/2"}],"replies":[{"embeddable":true,"href":"https:\/\/www.europesays.com\/pt\/wp-json\/wp\/v2\/comments?post=148165"}],"version-history":[{"count":0,"href":"https:\/\/www.europesays.com\/pt\/wp-json\/wp\/v2\/posts\/148165\/revisions"}],"wp:featuredmedia":[{"embeddable":true,"href":"https:\/\/www.europesays.com\/pt\/wp-json\/wp\/v2\/media\/148166"}],"wp:attachment":[{"href":"https:\/\/www.europesays.com\/pt\/wp-json\/wp\/v2\/media?parent=148165"}],"wp:term":[{"taxonomy":"category","embeddable":true,"href":"https:\/\/www.europesays.com\/pt\/wp-json\/wp\/v2\/categories?post=148165"},{"taxonomy":"post_tag","embeddable":true,"href":"https:\/\/www.europesays.com\/pt\/wp-json\/wp\/v2\/tags?post=148165"}],"curies":[{"name":"wp","href":"https:\/\/api.w.org\/{rel}","templated":true}]}}