{"id":148169,"date":"2025-11-11T16:10:33","date_gmt":"2025-11-11T16:10:33","guid":{"rendered":"https:\/\/www.europesays.com\/pt\/148169\/"},"modified":"2025-11-11T16:10:33","modified_gmt":"2025-11-11T16:10:33","slug":"guerra-entre-selecao-espanhola-e-barcelona-lamine-yamal-dispensado","status":"publish","type":"post","link":"https:\/\/www.europesays.com\/pt\/148169\/","title":{"rendered":"Guerra entre Sele\u00e7\u00e3o espanhola e Barcelona: Lamine Yamal dispensado"},"content":{"rendered":"<p data-end=\"517\" data-start=\"190\">A Real Federa\u00e7\u00e3o Espanhola de Futebol (RFEF) confirmou, esta ter\u00e7a-feira, que Lamine Yamal foi dispensado da convocat\u00f3ria da sele\u00e7\u00e3o espanhola para os duelos frente \u00e0 Ge\u00f3rgia e Turquia.<\/p>\n<p data-end=\"517\" data-start=\"190\">Segundo a RFEF, o jovem jogador do Barcelona foi submetido, sem aviso pr\u00e9vio, a um procedimento m\u00e9dico invasivo horas antes do in\u00edcio do est\u00e1gio da equipa nacional.<\/p>\n<p data-end=\"807\" data-start=\"519\">Num comunicado divulgado, os servi\u00e7os m\u00e9dicos da RFEF expressaram \u00absurpresa e mal-estar\u00bb\u00a0ao tomarem conhecimento, \u00e0s 13h47 de segunda-feira, de que o jogador tinha realizado um tratamento por radiofrequ\u00eancia para aliviar dores no p\u00fabis, na manh\u00e3 do mesmo dia.<\/p>\n<p data-end=\"1047\" data-start=\"809\">Segundo o mesmo documento, o corpo m\u00e9dico da sele\u00e7\u00e3o n\u00e3o foi informado antecipadamente do procedimento, tendo apenas recebido um relat\u00f3rio \u00e0s 22h40 de domingo, no qual era indicada a necessidade de repouso entre sete a dez dias.<\/p>\n<p data-end=\"1252\" data-start=\"1049\">Face \u00e0 situa\u00e7\u00e3o, e \u00abpriorizando a sa\u00fade e o bem-estar do atleta\u00bb, a federa\u00e7\u00e3o decidiu dispensar o extremo de 18 anos da presente convocat\u00f3ria, desejando-lhe \u00abuma r\u00e1pida e completa recupera\u00e7\u00e3o\u00bb.<\/p>\n<p data-end=\"1252\" data-start=\"1049\">De acordo com os jornais do pa\u00eds vizinho, este \u00e9 apenas mais um epis\u00f3dio de uma \u00abguerra aberta\u00bb entre a RFEF e o Barcelona, que come\u00e7ou em setembro quando Flick, t\u00e9cnico dos\u00a0blaugrana, <a href=\"https:\/\/maisfutebol.iol.pt\/barcelona\/internacional\/hansi-flick-zangado-com-a-lesao-de-yamal-isso-nao-e-cuidar-dos-jogadores\" target=\"_blank\" rel=\"nofollow noopener\">acusou Lu\u00eds de La Fuente, selecionador nacional de \u00abn\u00e3o proteger Yamal\u00bb<\/a>.<\/p>\n<p data-end=\"1252\" data-start=\"1049\"><strong>Leia aqui o comunicado:<\/strong><\/p>\n<p data-end=\"1252\" data-start=\"1049\">\u00abOs Servi\u00e7os M\u00e9dicos da RFEF desejam expressar a sua surpresa e desconforto ap\u00f3s tomarem conhecimento, \u00e0s 13h47 de segunda-feira, 10 de novembro, dia do in\u00edcio do est\u00e1gio oficial com a sele\u00e7\u00e3o nacional, de que o jogador Lamine Yamal tinha sido submetido, na manh\u00e3 do mesmo dia, a um procedimento invasivo de radiofrequ\u00eancia para o tratamento de dores na zona da p\u00fabis.<\/p>\n<p data-end=\"657\" data-start=\"386\">Esse procedimento foi realizado sem comunica\u00e7\u00e3o pr\u00e9via ao corpo m\u00e9dico da Sele\u00e7\u00e3o, que apenas teve conhecimento dos detalhes atrav\u00e9s de um relat\u00f3rio recebido \u00e0s 22h40 da noite anterior, no qual se indicava a recomenda\u00e7\u00e3o m\u00e9dica de repouso entre 7 e 10 dias.<\/p>\n<p data-end=\"861\" data-start=\"659\">Perante esta situa\u00e7\u00e3o, e priorizando em todo o momento a sa\u00fade, seguran\u00e7a e bem-estar do jogador, a Real Federa\u00e7\u00e3o Espanhola de Futebol decidiu dispensar o atleta da presente convocat\u00f3ria.<\/p>\n<p data-end=\"960\" data-is-last-node=\"\" data-is-only-node=\"\" data-start=\"863\">Confiamos que possa evoluir favoravelmente e desejamos-lhe uma r\u00e1pida e completa recupera\u00e7\u00e3o\u00bb.<\/p>\n","protected":false},"excerpt":{"rendered":"A Real Federa\u00e7\u00e3o Espanhola de Futebol (RFEF) confirmou, esta ter\u00e7a-feira, que Lamine Yamal foi dispensado da convocat\u00f3ria da&hellip;\n","protected":false},"author":2,"featured_media":148170,"comment_status":"","ping_status":"","sticky":false,"template":"","format":"standard","meta":{"footnotes":""},"categories":[87],"tags":[12997,135,640,7912,46,12632,32,33,47,5420,134],"class_list":{"0":"post-148169","1":"post","2":"type-post","3":"status-publish","4":"format-standard","5":"has-post-thumbnail","7":"category-desporto","8":"tag-convocatoria","9":"tag-desporto","10":"tag-espanha","11":"tag-lamine-yamal","12":"tag-maisfutebol","13":"tag-mundial-2026","14":"tag-portugal","15":"tag-pt","16":"tag-pura-paixao","17":"tag-selecao-nacional","18":"tag-sports"},"share_on_mastodon":{"url":"https:\/\/pubeurope.com\/@pt\/115531941609801041","error":""},"_links":{"self":[{"href":"https:\/\/www.europesays.com\/pt\/wp-json\/wp\/v2\/posts\/148169","targetHints":{"allow":["GET"]}}],"collection":[{"href":"https:\/\/www.europesays.com\/pt\/wp-json\/wp\/v2\/posts"}],"about":[{"href":"https:\/\/www.europesays.com\/pt\/wp-json\/wp\/v2\/types\/post"}],"author":[{"embeddable":true,"href":"https:\/\/www.europesays.com\/pt\/wp-json\/wp\/v2\/users\/2"}],"replies":[{"embeddable":true,"href":"https:\/\/www.europesays.com\/pt\/wp-json\/wp\/v2\/comments?post=148169"}],"version-history":[{"count":0,"href":"https:\/\/www.europesays.com\/pt\/wp-json\/wp\/v2\/posts\/148169\/revisions"}],"wp:featuredmedia":[{"embeddable":true,"href":"https:\/\/www.europesays.com\/pt\/wp-json\/wp\/v2\/media\/148170"}],"wp:attachment":[{"href":"https:\/\/www.europesays.com\/pt\/wp-json\/wp\/v2\/media?parent=148169"}],"wp:term":[{"taxonomy":"category","embeddable":true,"href":"https:\/\/www.europesays.com\/pt\/wp-json\/wp\/v2\/categories?post=148169"},{"taxonomy":"post_tag","embeddable":true,"href":"https:\/\/www.europesays.com\/pt\/wp-json\/wp\/v2\/tags?post=148169"}],"curies":[{"name":"wp","href":"https:\/\/api.w.org\/{rel}","templated":true}]}}