{"id":14821,"date":"2025-08-03T22:40:08","date_gmt":"2025-08-03T22:40:08","guid":{"rendered":"https:\/\/www.europesays.com\/pt\/14821\/"},"modified":"2025-08-03T22:40:08","modified_gmt":"2025-08-03T22:40:08","slug":"alem-do-direito-estreia-na-netflix-mas-temporada-so-fica-completa-em-setembro","status":"publish","type":"post","link":"https:\/\/www.europesays.com\/pt\/14821\/","title":{"rendered":"Al\u00e9m do Direito estreia na Netflix, mas temporada s\u00f3 fica completa em setembro"},"content":{"rendered":"<p>O K-drama jur\u00eddico Al\u00e9m do Direito (Beyond the Bar) fez sua estreia no Brasil pela <a href=\"https:\/\/tangerina.uol.com.br\/tag\/netflix\/\" target=\"_blank\" rel=\"noreferrer noopener nofollow\">Netflix<\/a> neste fim de semana, mas os f\u00e3s precisar\u00e3o acompanhar a s\u00e9rie semanalmente, j\u00e1 que a temporada completa de 12 epis\u00f3dios s\u00f3 estar\u00e1 dispon\u00edvel em setembro. A produ\u00e7\u00e3o do canal sul-coreano JTBC mergulha no exigente mundo da advocacia corporativa, focando na tens\u00e3o constante entre dois advogados com estilos bastante distintos. <\/p>\n<p>A trama se passa no renomado escrit\u00f3rio de advocacia Yeollim, onde a rec\u00e9m-contratada advogada j\u00fanior Kang Hyo-min (Jung Chae-yeon) se destaca por seu idealismo, ser franca e, por vezes, socialmente desajeitada, mas profundamente comprometida com a justi\u00e7a. Seu oposto \u00e9 Yoon Seok-hoon (Lee Jin-wook), um advogado s\u00eanior e l\u00edder da equipe de lit\u00edgios, conhecido por sua l\u00f3gica fria, compostura e por ser um tomador de riscos que pressiona seus oponentes com racioc\u00ednios criativos. <\/p>\n<p>A din\u00e2mica entre os dois \u00e9 de um \u201ccaos profissional\u201d e um choque de estilos, n\u00e3o rom\u00e2ntico, mas sim profissional, cru e muitas vezes desconfort\u00e1vel. Ela \u00e9 retratada como uma personagem que colide com Yoon Seok-hoon em tudo, mas atrav\u00e9s dessa rela\u00e7\u00e3o, cresce para se tornar uma advogada completa. <\/p>\n<p>Al\u00e9m do Direito promete uma explora\u00e7\u00e3o das \u00e1reas cinzentas do trabalho jur\u00eddico, com Hyo-min confrontando escolhas que testam sua integridade, sugerindo que \u201cganhar o caso nem sempre \u00e9 justi\u00e7a\u201d. O elenco principal ainda conta com Lee Hak-joo no papel de Lee Jin-u e Jeon Hye-bin como Heo Min-jeong. A hist\u00f3ria foi escrita por Park Mi-hyun, uma advogada em atividade.<\/p>\n<p>A s\u00e9rie Netflix \u00e9 elogiada por substituir o melodrama t\u00edpico de s\u00e9ries legais por uma abordagem mais realista e crua das complexidades do sistema jur\u00eddico. Cada cena de tribunal, discuss\u00e3o nos corredores e decis\u00e3o dif\u00edcil tomada pelos protagonistas \u00e9 essencial para o desenvolvimento da trama e dos personagens.<\/p>\n<p>Epis\u00f3dios de Al\u00e9m do Direito na Netflix<\/p>\n<p>Com um total de 12 epis\u00f3dios, cada um com dura\u00e7\u00e3o aproximada de 60 minutos, a s\u00e9rie tem um cronograma de lan\u00e7amento em seis semanas, com a conclus\u00e3o prevista para 7 de setembro, um domingo:<\/p>\n<li>2 e 3\/8 \u2013 Epis\u00f3dios 1 e 2<\/li>\n<li>9 e 10\/8 \u2013 Epis\u00f3dios 3 e 4<\/li>\n<li>16 e 17\/8 \u2013 Epis\u00f3dios 5 e 6<\/li>\n<li>23 e 24\/8 \u2013 Epis\u00f3dios 7 e 8<\/li>\n<li>30 e 31\/8 \u2013 Epis\u00f3dios 9 e 10<\/li>\n<li>6 e 7 de setembro \u2013 Epis\u00f3dios 11 e 12<\/li>\n","protected":false},"excerpt":{"rendered":"O K-drama jur\u00eddico Al\u00e9m do Direito (Beyond the Bar) fez sua estreia no Brasil pela Netflix neste fim&hellip;\n","protected":false},"author":2,"featured_media":14822,"comment_status":"","ping_status":"","sticky":false,"template":"","format":"standard","meta":{"footnotes":""},"categories":[142],"tags":[114,115,5931,716,32,33,151],"class_list":{"0":"post-14821","1":"post","2":"type-post","3":"status-publish","4":"format-standard","5":"has-post-thumbnail","7":"category-tv","8":"tag-entertainment","9":"tag-entretenimento","10":"tag-k-dramas","11":"tag-netflix","12":"tag-portugal","13":"tag-pt","14":"tag-tv"},"share_on_mastodon":{"url":"","error":""},"_links":{"self":[{"href":"https:\/\/www.europesays.com\/pt\/wp-json\/wp\/v2\/posts\/14821","targetHints":{"allow":["GET"]}}],"collection":[{"href":"https:\/\/www.europesays.com\/pt\/wp-json\/wp\/v2\/posts"}],"about":[{"href":"https:\/\/www.europesays.com\/pt\/wp-json\/wp\/v2\/types\/post"}],"author":[{"embeddable":true,"href":"https:\/\/www.europesays.com\/pt\/wp-json\/wp\/v2\/users\/2"}],"replies":[{"embeddable":true,"href":"https:\/\/www.europesays.com\/pt\/wp-json\/wp\/v2\/comments?post=14821"}],"version-history":[{"count":0,"href":"https:\/\/www.europesays.com\/pt\/wp-json\/wp\/v2\/posts\/14821\/revisions"}],"wp:featuredmedia":[{"embeddable":true,"href":"https:\/\/www.europesays.com\/pt\/wp-json\/wp\/v2\/media\/14822"}],"wp:attachment":[{"href":"https:\/\/www.europesays.com\/pt\/wp-json\/wp\/v2\/media?parent=14821"}],"wp:term":[{"taxonomy":"category","embeddable":true,"href":"https:\/\/www.europesays.com\/pt\/wp-json\/wp\/v2\/categories?post=14821"},{"taxonomy":"post_tag","embeddable":true,"href":"https:\/\/www.europesays.com\/pt\/wp-json\/wp\/v2\/tags?post=14821"}],"curies":[{"name":"wp","href":"https:\/\/api.w.org\/{rel}","templated":true}]}}