{"id":148297,"date":"2025-11-11T17:59:28","date_gmt":"2025-11-11T17:59:28","guid":{"rendered":"https:\/\/www.europesays.com\/pt\/148297\/"},"modified":"2025-11-11T17:59:28","modified_gmt":"2025-11-11T17:59:28","slug":"furtados-cerca-de-100-azulejos-da-igreja-de-monforte-jornal-de-noticias","status":"publish","type":"post","link":"https:\/\/www.europesays.com\/pt\/148297\/","title":{"rendered":"Furtados cerca de 100 azulejos da igreja de Monforte &#8211; Jornal de Not\u00edcias"},"content":{"rendered":"<ol>\n<li><a href=\"https:\/\/news.google.com\/rss\/articles\/CBMimgFBVV95cUxNY21CdFhWWkJjeUdldmZJb0NuOUs2ZWgtYUJZdTFQdGhrS1oxSU5YdVA1RGtWWjdXeEwwZ0g4cThfbUNoQzRSSi11VmQtM2FaVlZ1R3pVTnpoS1UxVFVDM2JldlZUWXZVTm9NWkdpbjhZRVJYWmNQYzdjQVA1VkRGbE5ObzdiOUxMMDNNd1ZVNjFfOHNJVGo1cjVn0gGLAUFVX3lxTE1jR0NKOUQwbVFEd2RfcFJzcW1NbUVXWnliS21FN0hDLXJvbFltM3JKOTFvV1lsLVZRUGhxZ3IxNnVSdDRyaEJxQjg1cFJyTkJIdllMeHpkRVhoeVIxNUNTWGpidzd0ZGg2Nm51V0FIaW1wdU9mLU8xN2RsYTdPRV84LUpFS1BZX2d4d1E?oc=5\" target=\"_blank\" rel=\"nofollow noopener\">Furtados cerca de 100 azulejos da igreja de Monforte<\/a>&nbsp;&nbsp;Jornal de Not\u00edcias<\/li>\n<li><a href=\"https:\/\/news.google.com\/rss\/articles\/CBMipAFBVV95cUxOZ2VnR0VSRXh5bXZ0eGk4aHRGSmxMQ0s0Mk5aeV9tMFVUT28xanBnUHRIalEyRVlHVGZxWGdfdTZuS05vcDFMbHBoMXo2cmY1N0ZkaGpiamRQTzd4NmZ1dFNKV2tNUWt6Tmp1VmRpVm4yek1aY2pSZGJyTjhfRzd2R0dncEhFekp5Qkl4TXN3bEZrQ05XYkRmaGMyR2NEellsXy1BdA?oc=5\" target=\"_blank\" rel=\"nofollow noopener\">Pol\u00edcia Judici\u00e1ria investiga furto de azulejos em igreja de Monforte<\/a>&nbsp;&nbsp;Observador<\/li>\n<li><a href=\"https:\/\/news.google.com\/rss\/articles\/CBMitAFBVV95cUxQZExfT2drZXVndEpLUTU2NU5PNWdycG9RazdLdEFYZnhoMzJER29XdlY2UUlhTWd1Rno1T0l0cHhaYWc3c2d5cWpLaTRQdHFES01qTHNReVN1aG1zTWNxMDl5TTE0X3RyckVmekFrY0xSMEcyY25iZV8tMzd6cGJRNXYzOTZQemJIWG9xWWtLQWpWT2hYeHA4NlV6enFEaERaUHRyWTB0MlN1MmhQTU4zN2xVaHM?oc=5\" target=\"_blank\" rel=\"nofollow noopener\">Assaltos a igrejas da Arquidiocese de \u00c9vora resultam no roubo de azulejos do s\u00e9culo XVIII<\/a>&nbsp;&nbsp;DianaFM \u00bb<\/li>\n<li><a href=\"https:\/\/news.google.com\/rss\/articles\/CBMi5wFBVV95cUxNbzJadmYwNzU0eHVvX0VfUmVkTW12ZHNBTW5Qcm90ZGh6TnJhS1M5RFYtbHpGUlVXWkJyN0FFdWNCaWxhWmRVdEVBSWE1MWdzRlVocFVuS1RZbDR2M2ZxMTNIUDVNdHpqaWdfYnA5MXJnUXp5ZC1LZnFyd2c2MkFHcFlLSEpvbVpwa0lfUWg2ckFqU1Q4WHVTd1Vxc3d2ZkNIM05HSFZINGo3cmpqQXFicGJsQWVOTDN0MjVzNVFRZy1JQld5bGE1Znl5QkVtb0hlbEpJZUNhd2JlXzUwV2FudG1IVlVtcmc?oc=5\" target=\"_blank\" rel=\"nofollow noopener\">Assalto \u00e0 Igreja de S\u00e3o Bento do Zambujal, em Redondo, faz desaparecer pain\u00e9is de azulejos do s\u00e9culo XVIII<\/a>&nbsp;&nbsp;SAPO<\/li>\n<li><a href=\"https:\/\/news.google.com\/rss\/articles\/CBMinwFBVV95cUxORUxCQlNvTVIyejZHMW81MDBzcVRiRkpDejBkZm5meUZrS2dGMGVOdy1lS0lfdDFfQTJVRGVUMnZZS0lRb3RaNDNvMXZJaFBDTVFIcVZBMTFnTjdOMllsZ2lLXy1UUmxrV3AtWllmZXRfVTk0S3BiSlRldDRqMVVwcm15XzI2dnNYWGFzczBKNnU1MUg0SnprTHlnUWVBYkU?oc=5\" target=\"_blank\" rel=\"nofollow noopener\">Duas Igrejas da Arquidiocese de \u00c9vora assaltadas nos \u00faltimos dias<\/a>&nbsp;&nbsp;R\u00e1dio Campan\u00e1rio<\/li>\n<\/ol>\n","protected":false},"excerpt":{"rendered":"Furtados cerca de 100 azulejos da igreja de Monforte&nbsp;&nbsp;Jornal de Not\u00edcias Pol\u00edcia Judici\u00e1ria investiga furto de azulejos em&hellip;\n","protected":false},"author":2,"featured_media":148298,"comment_status":"","ping_status":"","sticky":false,"template":"","format":"standard","meta":{"footnotes":""},"categories":[10],"tags":[27,28,15,16,24363,14,603,25,26,21,22,31759,12,13,19,20,32,23,24,33,17,18,29,30,31],"class_list":{"0":"post-148297","1":"post","2":"type-post","3":"status-publish","4":"format-standard","5":"has-post-thumbnail","7":"category-portugal","8":"tag-breaking-news","9":"tag-breakingnews","10":"tag-featured-news","11":"tag-featurednews","12":"tag-furto","13":"tag-headlines","14":"tag-justica","15":"tag-latest-news","16":"tag-latestnews","17":"tag-main-news","18":"tag-mainnews","19":"tag-montalegre","20":"tag-news","21":"tag-noticias","22":"tag-noticias-principais","23":"tag-noticiasprincipais","24":"tag-portugal","25":"tag-principais-noticias","26":"tag-principaisnoticias","27":"tag-pt","28":"tag-top-stories","29":"tag-topstories","30":"tag-ultimas","31":"tag-ultimas-noticias","32":"tag-ultimasnoticias"},"share_on_mastodon":{"url":"https:\/\/pubeurope.com\/@pt\/115532370133756892","error":""},"_links":{"self":[{"href":"https:\/\/www.europesays.com\/pt\/wp-json\/wp\/v2\/posts\/148297","targetHints":{"allow":["GET"]}}],"collection":[{"href":"https:\/\/www.europesays.com\/pt\/wp-json\/wp\/v2\/posts"}],"about":[{"href":"https:\/\/www.europesays.com\/pt\/wp-json\/wp\/v2\/types\/post"}],"author":[{"embeddable":true,"href":"https:\/\/www.europesays.com\/pt\/wp-json\/wp\/v2\/users\/2"}],"replies":[{"embeddable":true,"href":"https:\/\/www.europesays.com\/pt\/wp-json\/wp\/v2\/comments?post=148297"}],"version-history":[{"count":0,"href":"https:\/\/www.europesays.com\/pt\/wp-json\/wp\/v2\/posts\/148297\/revisions"}],"wp:featuredmedia":[{"embeddable":true,"href":"https:\/\/www.europesays.com\/pt\/wp-json\/wp\/v2\/media\/148298"}],"wp:attachment":[{"href":"https:\/\/www.europesays.com\/pt\/wp-json\/wp\/v2\/media?parent=148297"}],"wp:term":[{"taxonomy":"category","embeddable":true,"href":"https:\/\/www.europesays.com\/pt\/wp-json\/wp\/v2\/categories?post=148297"},{"taxonomy":"post_tag","embeddable":true,"href":"https:\/\/www.europesays.com\/pt\/wp-json\/wp\/v2\/tags?post=148297"}],"curies":[{"name":"wp","href":"https:\/\/api.w.org\/{rel}","templated":true}]}}