{"id":148303,"date":"2025-11-11T18:04:10","date_gmt":"2025-11-11T18:04:10","guid":{"rendered":"https:\/\/www.europesays.com\/pt\/148303\/"},"modified":"2025-11-11T18:04:10","modified_gmt":"2025-11-11T18:04:10","slug":"ex-noivo-de-liliana-e-fabio-comparados-em-praca-publica-nao-vai-encontrar-nele-secret-story","status":"publish","type":"post","link":"https:\/\/www.europesays.com\/pt\/148303\/","title":{"rendered":"Ex-noivo de Liliana e F\u00e1bio comparados em &#8216;pra\u00e7a p\u00fablica&#8217;: \u00abN\u00e3o vai encontrar nele&#8230;\u00bb &#8211; Secret Story"},"content":{"rendered":"<p>No Secret Story 9, a rela\u00e7\u00e3o de Liliana e F\u00e1bio \u00e9 escrutinada ao pormenor pelos concorrentes, que consideram que Liliana quer for\u00e7ar F\u00e1bio a ser parecido com o ex-noivo Z\u00e9. Veja a conversa completa.\u00a0<\/p>\n<p><strong>Esta semana h\u00e1 cinco concorrentes em risco de abandonar a casa mais vigiada do Pa\u00eds no pr\u00f3ximo domingo.\u00a0<\/strong><\/p>\n<p>VOTE PARA SALVAR:<\/p>\n<p>ANA \u2013 761 20 20 01<br \/>ANA CRISTINA \u2013 761 20 20 02<br \/>DYLAN \u2013 761 20 20 07<br \/>LEANDRO \u2013 761 20 20 12<br \/>PEDRO &#8211; 761 20 20 18<\/p>\n<p>Veja tamb\u00e9m: <a href=\"https:\/\/tvi.iol.pt\/secretstory\/inscricoes\/casa-dos-segredos\/e-destemido-e-adora-misterios-inscreva-se-aqui-no-proximo-secret-story\" rel=\"nofollow noopener\" target=\"_blank\">\u00c9 destemido e adora mist\u00e9rios? Inscreva-se aqui no pr\u00f3ximo Secret Story<\/a><\/p>\n<p><strong><a href=\"https:\/\/tvi.iol.pt\/secretstory\/aominuto\" rel=\"nofollow noopener\" target=\"_blank\">Acompanhe tudo o que se passa na casa mais vigiada do Pa\u00eds!<\/a><\/strong><\/p>\n","protected":false},"excerpt":{"rendered":"No Secret Story 9, a rela\u00e7\u00e3o de Liliana e F\u00e1bio \u00e9 escrutinada ao pormenor pelos concorrentes, que consideram&hellip;\n","protected":false},"author":2,"featured_media":148304,"comment_status":"","ping_status":"","sticky":false,"template":"","format":"standard","meta":{"footnotes":""},"categories":[142],"tags":[19374,19373,114,115,19082,19016,19375,32,33,151],"class_list":{"0":"post-148303","1":"post","2":"type-post","3":"status-publish","4":"format-standard","5":"has-post-thumbnail","7":"category-tv","8":"tag-confrontos-concorrentes","9":"tag-discussoes-secret-story","10":"tag-entertainment","11":"tag-entretenimento","12":"tag-fabio","13":"tag-liliana","14":"tag-polemicas","15":"tag-portugal","16":"tag-pt","17":"tag-tv"},"share_on_mastodon":{"url":"https:\/\/pubeurope.com\/@pt\/115532389614203741","error":""},"_links":{"self":[{"href":"https:\/\/www.europesays.com\/pt\/wp-json\/wp\/v2\/posts\/148303","targetHints":{"allow":["GET"]}}],"collection":[{"href":"https:\/\/www.europesays.com\/pt\/wp-json\/wp\/v2\/posts"}],"about":[{"href":"https:\/\/www.europesays.com\/pt\/wp-json\/wp\/v2\/types\/post"}],"author":[{"embeddable":true,"href":"https:\/\/www.europesays.com\/pt\/wp-json\/wp\/v2\/users\/2"}],"replies":[{"embeddable":true,"href":"https:\/\/www.europesays.com\/pt\/wp-json\/wp\/v2\/comments?post=148303"}],"version-history":[{"count":0,"href":"https:\/\/www.europesays.com\/pt\/wp-json\/wp\/v2\/posts\/148303\/revisions"}],"wp:featuredmedia":[{"embeddable":true,"href":"https:\/\/www.europesays.com\/pt\/wp-json\/wp\/v2\/media\/148304"}],"wp:attachment":[{"href":"https:\/\/www.europesays.com\/pt\/wp-json\/wp\/v2\/media?parent=148303"}],"wp:term":[{"taxonomy":"category","embeddable":true,"href":"https:\/\/www.europesays.com\/pt\/wp-json\/wp\/v2\/categories?post=148303"},{"taxonomy":"post_tag","embeddable":true,"href":"https:\/\/www.europesays.com\/pt\/wp-json\/wp\/v2\/tags?post=148303"}],"curies":[{"name":"wp","href":"https:\/\/api.w.org\/{rel}","templated":true}]}}