{"id":148319,"date":"2025-11-11T18:18:39","date_gmt":"2025-11-11T18:18:39","guid":{"rendered":"https:\/\/www.europesays.com\/pt\/148319\/"},"modified":"2025-11-11T18:18:39","modified_gmt":"2025-11-11T18:18:39","slug":"o-mirante-esfaqueamento-na-golega-nao-poe-em-causa-seguranca-na-feira-nacional-do-cavalo","status":"publish","type":"post","link":"https:\/\/www.europesays.com\/pt\/148319\/","title":{"rendered":"O MIRANTE | Esfaqueamento na Goleg\u00e3 n\u00e3o p\u00f5e em causa seguran\u00e7a na Feira Nacional do Cavalo"},"content":{"rendered":"<p>Um homem de 32 anos foi esfaqueado na madrugada de domingo, 9 de Novembro, na Feira Nacional do Cavalo da Goleg\u00e3. Fonte da organiza\u00e7\u00e3o do certame explicou a O MIRANTE que o esfaqueamento surgiu ap\u00f3s um rixa junto a um dos novos bares do evento, localizado fora do recinto da feira. O alerta para o esfaqueamento foi dado pelas 3h40. A v\u00edtima foi transportada em estado grave para o Hospital de Abrantes. O caso est\u00e1 a ser investigado pela Pol\u00edcia Judici\u00e1ria.<br \/>Contactado por O MIRANTE, o vice-presidente da C\u00e2mara da Goleg\u00e3 lamenta a situa\u00e7\u00e3o e garante que a mesma n\u00e3o coloca em causa todo o trabalho realizado em prol da seguran\u00e7a de todos os intervenientes no certame. \u201cTemos todos os meios dispon\u00edveis e em completo funcionamento. A Feira Nacional do Cavalo \u00e9 um evento familiar, mas infelizmente estas situa\u00e7\u00f5es acontecem e s\u00e3o imposs\u00edveis de prever\u201d, refere Diogo Rosa. Recorde-se que a Guarda Nacional Republicana (GNR), atrav\u00e9s do Comando Territorial de Santar\u00e9m, est\u00e1 realizar uma opera\u00e7\u00e3o de seguran\u00e7a at\u00e9 17 de Novembro, na Goleg\u00e3 e zona envolvente, com o objectivo de garantir \u201ca seguran\u00e7a e a tranquilidade p\u00fablica de todos os visitantes, entidades e habitantes locais, bem como o controlo e fluidez rodovi\u00e1ria\u201d, l\u00ea-se num comunicado da for\u00e7a de seguran\u00e7a.<br \/>J\u00e1 no ano passado, no \u00faltimo dia de feira, um homem de 49 anos foi detido depois de confrontos num acampamento na zona da Alverca do Campo, numa das entradas da vila. Os confrontos envolveram um tiroteio, tendo resultado em quatro feridos que foram assistidos no local e transportados para uma unidade hospitalar. Os envolvidos estavam acampados numa zona de campo, fora do recinto da feira, h\u00e1 j\u00e1 alguns dias. Na altura a Pol\u00edcia Judici\u00e1ria tamb\u00e9m tomou conta da ocorr\u00eancia.<\/p>\n","protected":false},"excerpt":{"rendered":"Um homem de 32 anos foi esfaqueado na madrugada de domingo, 9 de Novembro, na Feira Nacional do&hellip;\n","protected":false},"author":2,"featured_media":148320,"comment_status":"","ping_status":"","sticky":false,"template":"","format":"standard","meta":{"footnotes":""},"categories":[10],"tags":[27,28,15,16,14,6569,6568,25,26,21,22,12,13,19,20,32,23,24,33,3551,5314,17,18,29,30,31],"class_list":{"0":"post-148319","1":"post","2":"type-post","3":"status-publish","4":"format-standard","5":"has-post-thumbnail","7":"category-portugal","8":"tag-breaking-news","9":"tag-breakingnews","10":"tag-featured-news","11":"tag-featurednews","12":"tag-headlines","13":"tag-jornal-regional","14":"tag-jornalismo-de-proximidade","15":"tag-latest-news","16":"tag-latestnews","17":"tag-main-news","18":"tag-mainnews","19":"tag-news","20":"tag-noticias","21":"tag-noticias-principais","22":"tag-noticiasprincipais","23":"tag-portugal","24":"tag-principais-noticias","25":"tag-principaisnoticias","26":"tag-pt","27":"tag-regiao","28":"tag-ribatejo","29":"tag-top-stories","30":"tag-topstories","31":"tag-ultimas","32":"tag-ultimas-noticias","33":"tag-ultimasnoticias"},"share_on_mastodon":{"url":"https:\/\/pubeurope.com\/@pt\/115532444750401131","error":""},"_links":{"self":[{"href":"https:\/\/www.europesays.com\/pt\/wp-json\/wp\/v2\/posts\/148319","targetHints":{"allow":["GET"]}}],"collection":[{"href":"https:\/\/www.europesays.com\/pt\/wp-json\/wp\/v2\/posts"}],"about":[{"href":"https:\/\/www.europesays.com\/pt\/wp-json\/wp\/v2\/types\/post"}],"author":[{"embeddable":true,"href":"https:\/\/www.europesays.com\/pt\/wp-json\/wp\/v2\/users\/2"}],"replies":[{"embeddable":true,"href":"https:\/\/www.europesays.com\/pt\/wp-json\/wp\/v2\/comments?post=148319"}],"version-history":[{"count":0,"href":"https:\/\/www.europesays.com\/pt\/wp-json\/wp\/v2\/posts\/148319\/revisions"}],"wp:featuredmedia":[{"embeddable":true,"href":"https:\/\/www.europesays.com\/pt\/wp-json\/wp\/v2\/media\/148320"}],"wp:attachment":[{"href":"https:\/\/www.europesays.com\/pt\/wp-json\/wp\/v2\/media?parent=148319"}],"wp:term":[{"taxonomy":"category","embeddable":true,"href":"https:\/\/www.europesays.com\/pt\/wp-json\/wp\/v2\/categories?post=148319"},{"taxonomy":"post_tag","embeddable":true,"href":"https:\/\/www.europesays.com\/pt\/wp-json\/wp\/v2\/tags?post=148319"}],"curies":[{"name":"wp","href":"https:\/\/api.w.org\/{rel}","templated":true}]}}