{"id":148345,"date":"2025-11-11T18:42:11","date_gmt":"2025-11-11T18:42:11","guid":{"rendered":"https:\/\/www.europesays.com\/pt\/148345\/"},"modified":"2025-11-11T18:42:11","modified_gmt":"2025-11-11T18:42:11","slug":"cinco-nomeados-em-secret-story-descubra-quem-esta-em-risco-de-expulsao","status":"publish","type":"post","link":"https:\/\/www.europesays.com\/pt\/148345\/","title":{"rendered":"Cinco nomeados em &#8220;Secret Story&#8221;: descubra quem est\u00e1 em risco de expuls\u00e3o!"},"content":{"rendered":"<p>J\u00e1 s\u00e3o conhecidos os concorrentes da nona edi\u00e7\u00e3o de &#8220;<a href=\"https:\/\/tvi.iol.pt\/secretstory\/\" target=\"_blank\" rel=\"nofollow noopener\">Secret Story<\/a> &#8211; Casa dos Segredos&#8221; que, durante a pr\u00f3xima semana, v\u00e3o lutar pela perman\u00eancia no reality show da <a href=\"https:\/\/tvi.iol.pt\/\" target=\"_blank\" rel=\"nofollow noopener\">TVI<\/a>.<\/p>\n<p>Na gala deste domingo, dia 9, <a href=\"https:\/\/selfie.iol.pt\/famosos\/casa-dos-segredos-9\/secret-story-equipa-de-pedro-jorge-reage-a-conquista-mas-deixa-alerta-marcante\/20251107\/690e36bdd34e3caad84b0a28\" target=\"_blank\" rel=\"nofollow noopener\">Pedro Jorge<\/a> ficou automaticamente nomeado, na sequ\u00eancia de uma din\u00e2mica. Mais tarde, numa ronda de nomea\u00e7\u00f5es, foram quatro os mais indicados:\u00a0Ana Cristina Ferreira e Leandro Martins, ambos com quatro votos, Ana Batista, com tr\u00eas, e Dylan Fonte, com dois.<\/p>\n<p>Assim sim, Ana Batista, Ana Cristina Ferreira, <a href=\"https:\/\/selfie.iol.pt\/famosos\/casa-dos-segredos\/sincera-mae-de-ines-fala-sobre-romance-da-filha-com-dylan-talvez-seja-jogo\/20251109\/69111e3bd34e2bd5c6d3cf50\" target=\"_blank\" rel=\"nofollow noopener\">Dylan Fonte<\/a>, Leandro Martins e Pedro Jorge comp\u00f5em o novo leque de nomeados de &#8220;Secret Story &#8211; Casa dos Segredos&#8221;. Um deles abandona, no pr\u00f3ximo domingo, dia 16, a mans\u00e3o da Malveira.<\/p>\n","protected":false},"excerpt":{"rendered":"J\u00e1 s\u00e3o conhecidos os concorrentes da nona edi\u00e7\u00e3o de &#8220;Secret Story &#8211; Casa dos Segredos&#8221; que, durante a&hellip;\n","protected":false},"author":2,"featured_media":148346,"comment_status":"","ping_status":"","sticky":false,"template":"","format":"standard","meta":{"footnotes":""},"categories":[142],"tags":[6340,26382,19725,31505,2632,13471,6338,328,19105,21040,114,115,980,12397,26373,619,13845,7093,7092,3448,14646,21416,32,33,1014,1315,6985,16687,16686,1012,6986,16688,151,162],"class_list":{"0":"post-148345","1":"post","2":"type-post","3":"status-publish","4":"format-standard","5":"has-post-thumbnail","7":"category-tv","8":"tag-ana","9":"tag-ana-batista","10":"tag-ana-cristina","11":"tag-ana-cristina-ferreira","12":"tag-casa-dos-segredos","13":"tag-casa-dos-segredos-9","14":"tag-concorrente","15":"tag-concorrentes","16":"tag-dylan","17":"tag-dylan-fonte","18":"tag-entertainment","19":"tag-entretenimento","20":"tag-famosos","21":"tag-leandro","22":"tag-leandro-martins","23":"tag-nacional","24":"tag-nomeacoes","25":"tag-nomeada","26":"tag-nomeado","27":"tag-nomeados","28":"tag-pedro","29":"tag-pedro-jorge","30":"tag-portugal","31":"tag-pt","32":"tag-reality-show","33":"tag-secret-story","34":"tag-secret-story-casa-dos-segredos","35":"tag-secret-story-casa-dos-segredos-9","36":"tag-secret-story-9","37":"tag-selfie","38":"tag-ss","39":"tag-ss9","40":"tag-tv","41":"tag-tvi"},"share_on_mastodon":{"url":"https:\/\/pubeurope.com\/@pt\/115532539051418106","error":""},"_links":{"self":[{"href":"https:\/\/www.europesays.com\/pt\/wp-json\/wp\/v2\/posts\/148345","targetHints":{"allow":["GET"]}}],"collection":[{"href":"https:\/\/www.europesays.com\/pt\/wp-json\/wp\/v2\/posts"}],"about":[{"href":"https:\/\/www.europesays.com\/pt\/wp-json\/wp\/v2\/types\/post"}],"author":[{"embeddable":true,"href":"https:\/\/www.europesays.com\/pt\/wp-json\/wp\/v2\/users\/2"}],"replies":[{"embeddable":true,"href":"https:\/\/www.europesays.com\/pt\/wp-json\/wp\/v2\/comments?post=148345"}],"version-history":[{"count":0,"href":"https:\/\/www.europesays.com\/pt\/wp-json\/wp\/v2\/posts\/148345\/revisions"}],"wp:featuredmedia":[{"embeddable":true,"href":"https:\/\/www.europesays.com\/pt\/wp-json\/wp\/v2\/media\/148346"}],"wp:attachment":[{"href":"https:\/\/www.europesays.com\/pt\/wp-json\/wp\/v2\/media?parent=148345"}],"wp:term":[{"taxonomy":"category","embeddable":true,"href":"https:\/\/www.europesays.com\/pt\/wp-json\/wp\/v2\/categories?post=148345"},{"taxonomy":"post_tag","embeddable":true,"href":"https:\/\/www.europesays.com\/pt\/wp-json\/wp\/v2\/tags?post=148345"}],"curies":[{"name":"wp","href":"https:\/\/api.w.org\/{rel}","templated":true}]}}