{"id":148351,"date":"2025-11-11T18:46:11","date_gmt":"2025-11-11T18:46:11","guid":{"rendered":"https:\/\/www.europesays.com\/pt\/148351\/"},"modified":"2025-11-11T18:46:11","modified_gmt":"2025-11-11T18:46:11","slug":"estado-de-sao-paulo-registra-alta-de-14-nos-atendimentos-por-arritmia-cardiaca","status":"publish","type":"post","link":"https:\/\/www.europesays.com\/pt\/148351\/","title":{"rendered":"Estado de S\u00e3o Paulo registra alta de 14% nos atendimentos por arritmia card\u00edaca"},"content":{"rendered":"<p data-component-name=\"paragraph\" class=\"styles__ParagraphStyled-sc-6adecn-0 gsLklW  \">A Secretaria de Estado da Sa\u00fade de <a href=\"https:\/\/www.estadao.com.br\/tudo-sobre\/sao-paulo-estado\/\" target=\"_blank\" rel=\"nofollow noopener\" title=\"https:\/\/www.estadao.com.br\/tudo-sobre\/sao-paulo-estado\/\"><strong>S\u00e3o Paulo<\/strong><\/a> (SES-SP) registrou um aumento de 14% nos atendimentos m\u00e9dicos por arritmia card\u00edaca em 2025. Entre janeiro e agosto deste ano, foram contabilizados 49.745 atendimentos na rede p\u00fablica, ante 43.706 no mesmo per\u00edodo de 2024.<\/p>\n<p><img  loading=\"lazy\" class=\"lazy-load-img\"\/><\/p>\n<p>Pessoas com hist\u00f3rico familiar de morte s\u00fabita ou doen\u00e7as card\u00edacas precoces devem redobrar a aten\u00e7\u00e3o e realizar exames preventivos, orienta a secretaria\u00a0Foto:  Dragana Gordic\/Adobe Stock<\/p>\n<p>As mortes s\u00fabitas tamb\u00e9m cresceram no Estado, segundo a pasta. O aumento foi de 6,7%: de 1.394 registros em 2024 para 1.487 entre janeiro e setembro deste ano.<\/p>\n<p>A divulga\u00e7\u00e3o dos dados ocorre \u00e0s v\u00e9speras do Dia Nacional de Preven\u00e7\u00e3o das Arritmias Card\u00edacas e da Morte S\u00fabita, celebrado em 12 de novembro. As arritmias s\u00e3o altera\u00e7\u00f5es no ritmo do <a href=\"https:\/\/www.estadao.com.br\/tudo-sobre\/cardiologia\/\" target=\"_blank\" rel=\"nofollow noopener\" title=\"https:\/\/www.estadao.com.br\/tudo-sobre\/cardiologia\/\"><strong>cora\u00e7\u00e3o<\/strong><\/a>, que pode bater mais r\u00e1pido (taquicardia), mais devagar (bradicardia) ou de forma irregular. Algumas varia\u00e7\u00f5es s\u00e3o benignas, mas outras podem causar tontura, desmaios, falta de ar ou at\u00e9 morte s\u00fabita.<\/p>\n<p data-component-name=\"paragraph\" class=\"styles__ParagraphStyled-sc-6adecn-0 gsLklW  \">Para Hugo Bellotti, diretor de estimula\u00e7\u00e3o card\u00edaca e eletrofisiologia do Instituto Dante Pazzanese, na capital paulista, o aumento de casos \u00e9 multifatorial e reflete tanto mudan\u00e7as no estilo de vida quanto avan\u00e7os no diagn\u00f3stico e na procura pela rede p\u00fablica. <\/p>\n<p data-component-name=\"paragraph\" class=\"styles__ParagraphStyled-sc-6adecn-0 gsLklW  \">\u201cO sedentarismo, a m\u00e1 alimenta\u00e7\u00e3o, o <a href=\"https:\/\/www.estadao.com.br\/tudo-sobre\/estresse\/\" target=\"_blank\" rel=\"nofollow noopener\" title=\"https:\/\/www.estadao.com.br\/tudo-sobre\/estresse\/\"><strong>estresse<\/strong><\/a> cr\u00f4nico, o <a href=\"https:\/\/www.estadao.com.br\/tudo-sobre\/cigarro-tabagismo\/\" target=\"_blank\" rel=\"nofollow noopener\" title=\"https:\/\/www.estadao.com.br\/tudo-sobre\/cigarro-tabagismo\/\"><strong>tabagismo<\/strong><\/a> e o consumo excessivo de \u00e1lcool s\u00e3o fatores que elevam o risco de arritmias e outras doen\u00e7as card\u00edacas\u201d, afirma o especialista, em nota da secretaria.<\/p>\n<p data-component-name=\"paragraph\" class=\"styles__ParagraphStyled-sc-6adecn-0 gsLklW  \">A SES-SP orienta que a popula\u00e7\u00e3o busque atendimento m\u00e9dico em caso de sintomas como tontura, desmaios, falta de ar, dor no peito, cansa\u00e7o extremo e palpita\u00e7\u00f5es. Pessoas com hist\u00f3rico familiar de morte s\u00fabita ou doen\u00e7as card\u00edacas precoces devem redobrar a aten\u00e7\u00e3o e realizar exames preventivos, mesmo na aus\u00eancia de sintomas.<\/p>\n<p data-component-name=\"paragraph\" class=\"styles__ParagraphStyled-sc-6adecn-0 gsLklW  \">Entre as principais recomenda\u00e7\u00f5es para reduzir o risco de problemas, enfatiza a pasta, est\u00e3o dieta rica em alimentos in natura, especialmente frutas e verduras; baixo consumo de sal e gordura; pr\u00e1tica regular de <a href=\"https:\/\/www.estadao.com.br\/tudo-sobre\/exercicio-fisico\/\" target=\"_blank\" rel=\"nofollow noopener\" title=\"https:\/\/www.estadao.com.br\/tudo-sobre\/exercicio-fisico\/\"><strong>atividade f\u00edsica<\/strong><\/a>; controle da press\u00e3o arterial, <a href=\"https:\/\/www.estadao.com.br\/tudo-sobre\/colesterol\/\" target=\"_blank\" rel=\"nofollow noopener\" title=\"https:\/\/www.estadao.com.br\/tudo-sobre\/colesterol\/\"><strong>colesterol<\/strong><\/a> e glicemia; redu\u00e7\u00e3o no consumo de \u00e1lcool e abandono do cigarro.<\/p>\n","protected":false},"excerpt":{"rendered":"A Secretaria de Estado da Sa\u00fade de S\u00e3o Paulo (SES-SP) registrou um aumento de 14% nos atendimentos m\u00e9dicos&hellip;\n","protected":false},"author":2,"featured_media":148352,"comment_status":"","ping_status":"","sticky":false,"template":"","format":"standard","meta":{"footnotes":""},"categories":[86],"tags":[15112,32410,32411,32412,32413,20602,14141,3884,32414,10463,18206,32415,32416,7360,379,10670,18211,385,386,12517,10673,27781,32417,32418,116,389,32419,32420,32421,24216,32422,32423,32424,15124,32425,26103,32426,398,5806,32427,7420,32,33,7421,32428,7422,7424,117,32429,10479,32430,3545,15127,14319],"class_list":{"0":"post-148351","1":"post","2":"type-post","3":"status-publish","4":"format-standard","5":"has-post-thumbnail","7":"category-saude","8":"tag-agriculture","9":"tag-anti-inflammatory","10":"tag-astringent","11":"tag-atlantic-forest","12":"tag-ball","13":"tag-berry","14":"tag-black","15":"tag-bolivia","16":"tag-bow","17":"tag-brazil","18":"tag-brazilian","19":"tag-brazilian-fruit","20":"tag-brazilian-grap","21":"tag-close","22":"tag-delicious","23":"tag-diet","24":"tag-exotic","25":"tag-food","26":"tag-fresh","27":"tag-freshness","28":"tag-fruit","29":"tag-grape","30":"tag-guaperu","31":"tag-guapuru","32":"tag-health","33":"tag-healthy","34":"tag-jaboticaba","35":"tag-jaboticabas","36":"tag-jaboticabeira","37":"tag-jabuticaba","38":"tag-jabuticabada","39":"tag-jabuticabeira","40":"tag-juice","41":"tag-juicy","42":"tag-liqueur","43":"tag-many","44":"tag-native","45":"tag-natural","46":"tag-nature","47":"tag-no-preservatives","48":"tag-organic","49":"tag-portugal","50":"tag-pt","51":"tag-purple","52":"tag-purplish","53":"tag-raw","54":"tag-ripe","55":"tag-saude","56":"tag-season","57":"tag-south-america","58":"tag-south-america-fruit","59":"tag-sweet","60":"tag-tropical","61":"tag-vitamin"},"share_on_mastodon":{"url":"","error":"Validation failed: Text character limit of 500 exceeded"},"_links":{"self":[{"href":"https:\/\/www.europesays.com\/pt\/wp-json\/wp\/v2\/posts\/148351","targetHints":{"allow":["GET"]}}],"collection":[{"href":"https:\/\/www.europesays.com\/pt\/wp-json\/wp\/v2\/posts"}],"about":[{"href":"https:\/\/www.europesays.com\/pt\/wp-json\/wp\/v2\/types\/post"}],"author":[{"embeddable":true,"href":"https:\/\/www.europesays.com\/pt\/wp-json\/wp\/v2\/users\/2"}],"replies":[{"embeddable":true,"href":"https:\/\/www.europesays.com\/pt\/wp-json\/wp\/v2\/comments?post=148351"}],"version-history":[{"count":0,"href":"https:\/\/www.europesays.com\/pt\/wp-json\/wp\/v2\/posts\/148351\/revisions"}],"wp:featuredmedia":[{"embeddable":true,"href":"https:\/\/www.europesays.com\/pt\/wp-json\/wp\/v2\/media\/148352"}],"wp:attachment":[{"href":"https:\/\/www.europesays.com\/pt\/wp-json\/wp\/v2\/media?parent=148351"}],"wp:term":[{"taxonomy":"category","embeddable":true,"href":"https:\/\/www.europesays.com\/pt\/wp-json\/wp\/v2\/categories?post=148351"},{"taxonomy":"post_tag","embeddable":true,"href":"https:\/\/www.europesays.com\/pt\/wp-json\/wp\/v2\/tags?post=148351"}],"curies":[{"name":"wp","href":"https:\/\/api.w.org\/{rel}","templated":true}]}}