{"id":148365,"date":"2025-11-11T18:58:10","date_gmt":"2025-11-11T18:58:10","guid":{"rendered":"https:\/\/www.europesays.com\/pt\/148365\/"},"modified":"2025-11-11T18:58:10","modified_gmt":"2025-11-11T18:58:10","slug":"pre-venda-de-jujutsu-kaisen-execucao-ja-tem-dia-para-comecar-no-brasil-saiba-mais","status":"publish","type":"post","link":"https:\/\/www.europesays.com\/pt\/148365\/","title":{"rendered":"Pr\u00e9-venda de \u2018Jujutsu Kaisen &#8211; Execu\u00e7\u00e3o\u2019 j\u00e1 tem dia para come\u00e7ar no Brasil; saiba mais"},"content":{"rendered":"<p>Atendendo a pedido dos f\u00e3s dos poderosos feiticeiros, a Crunchyroll, em parceria com a Sony Pictures, enfim revelou a data de in\u00edcio da venda antecipada de ingressos para \u201c<a href=\"https:\/\/www.ingresso.com\/filme\/jujutsu-kaisen-execucao\" rel=\"nofollow noopener\" target=\"_blank\">Jujutsu Kaisen: Execu\u00e7\u00e3o<\/a>\u201d, novo filme derivado da aclamada s\u00e9rie de anime. <\/p>\n<p><strong>QUANDO COME\u00c7A A PR\u00c9-VENDA DE \u201cJUJUTSU KAISEN: EXECU\u00c7\u00c3O\u201d NO BRASIL?<\/strong><\/p>\n<p>Os ingressos estar\u00e3o dispon\u00edveis a partir do dia 14 de novembro, pr\u00f3xima sexta-feira. Nessa data, por meio do site e aplicativos da Ingresso.com, ser\u00e1 poss\u00edvel <a href=\"https:\/\/www.ingresso.com\/filme\/jujutsu-kaisen-execucao\" rel=\"nofollow noopener\" target=\"_blank\">garantir os melhores lugares<\/a> para as primeiras exibi\u00e7\u00f5es nacionais do filme \u2013 que estreia por aqui em 20 de novembro. <\/p>\n<p><a href=\"https:\/\/whatsapp.com\/channel\/0029Va58whvFCCoURznPIG0n\" rel=\"nofollow noopener\" target=\"_blank\">Fa\u00e7a parte do canal do Whatsapp da Ingresso.com e fique por dentro de promo\u00e7\u00f5es e das \u00faltimas not\u00edcias sobre o universo do cinema e da cultura pop!<\/a><\/p>\n<p>\u201cJujutsu Kaisen: Execu\u00e7\u00e3o\u201d leva \u00e0s telonas um compilado da \u00faltima temporada do anime, junto a exibi\u00e7\u00e3o dos dois primeiros epis\u00f3dios do novo arco, sendo essa a \u00fanica chance de assistir antecipadamente \u00e0 estreia, j\u00e1 que o mesmo s\u00f3 chega ao streaming em 2026. <\/p>\n<p>Na trama, ap\u00f3s um v\u00e9u descer abruptamente sobre a movimentada \u00e1rea de Shibuya, prendendo in\u00fameros civis, Satoru Gojo entra no caos, sem saber que usu\u00e1rios de maldi\u00e7\u00f5es e esp\u00edritos est\u00e3o \u00e0 espreita tentando sel\u00e1-lo. Yuji Itadori, acompanhado por seus colegas de classe e outros feiticeiros jujutsu de alto n\u00edvel, entra na briga em um confronto sem precedentes de maldi\u00e7\u00f5es, conhecido como o Incidente de Shibuya. <\/p>\n<p>Agora, na nova fase da hist\u00f3ria, dez col\u00f4nias em todo o Jap\u00e3o s\u00e3o transformadas em antros de maldi\u00e7\u00f5es, em um plano orquestrado por Noritoshi Kamo, o feiticeiro mais perverso da hist\u00f3ria. Com o in\u00edcio do mortal Jogo do Abate, o feiticeiro de Grau Especial Yuta Okkotsu \u2013 protagonista de \u201cJujutsu Kaisen 0\u201d (2021) \u2013 entra na luta, e \u00e9 designado como o executor de Yuji por seus crimes, dando in\u00edcio a um confronto desesperado entre os dois amados alunos de Satoru Gojo. <\/p>\n<p class=\"youtube-media-post\">\n<p class=\"youtube-media-post\">Produzido pela TOHO Animation e animado pelo renomado est\u00fadio MAPPA desde 2020, o anime \u201cJujutsu Kaisen\u201d \u00e9 baseado no mang\u00e1 hom\u00f4nimo de Gege Akutami, publicado entre 2018 e 2024, e que conquistou uma legi\u00e3o de f\u00e3s ao redor do mundo com sua mistura de batalhas eletrizantes e personagens ic\u00f4nicos. <\/p>\n<p>A hist\u00f3ria come\u00e7a quando o estudante Yuji Itadori se torna hospedeiro de uma poderosa maldi\u00e7\u00e3o ao engolir um dos dedos de Sukuna para salvar os amigos. Ele ingressa no Col\u00e9gio T\u00e9cnico de Feiti\u00e7aria de T\u00f3quio sob a tutela de Satoru Gojo para aprender a canalizar a energia amaldi\u00e7oada, enquanto enfrenta amea\u00e7as cada vez mais perigosas e busca um modo de se libertar do esp\u00edrito maligno que o possui. <\/p>\n","protected":false},"excerpt":{"rendered":"Atendendo a pedido dos f\u00e3s dos poderosos feiticeiros, a Crunchyroll, em parceria com a Sony Pictures, enfim revelou&hellip;\n","protected":false},"author":2,"featured_media":148366,"comment_status":"","ping_status":"","sticky":false,"template":"","format":"standard","meta":{"footnotes":""},"categories":[140],"tags":[114,115,147,148,146,32,33],"class_list":{"0":"post-148365","1":"post","2":"type-post","3":"status-publish","4":"format-standard","5":"has-post-thumbnail","7":"category-filmes","8":"tag-entertainment","9":"tag-entretenimento","10":"tag-film","11":"tag-filmes","12":"tag-movies","13":"tag-portugal","14":"tag-pt"},"share_on_mastodon":{"url":"https:\/\/pubeurope.com\/@pt\/115532602157407865","error":""},"_links":{"self":[{"href":"https:\/\/www.europesays.com\/pt\/wp-json\/wp\/v2\/posts\/148365","targetHints":{"allow":["GET"]}}],"collection":[{"href":"https:\/\/www.europesays.com\/pt\/wp-json\/wp\/v2\/posts"}],"about":[{"href":"https:\/\/www.europesays.com\/pt\/wp-json\/wp\/v2\/types\/post"}],"author":[{"embeddable":true,"href":"https:\/\/www.europesays.com\/pt\/wp-json\/wp\/v2\/users\/2"}],"replies":[{"embeddable":true,"href":"https:\/\/www.europesays.com\/pt\/wp-json\/wp\/v2\/comments?post=148365"}],"version-history":[{"count":0,"href":"https:\/\/www.europesays.com\/pt\/wp-json\/wp\/v2\/posts\/148365\/revisions"}],"wp:featuredmedia":[{"embeddable":true,"href":"https:\/\/www.europesays.com\/pt\/wp-json\/wp\/v2\/media\/148366"}],"wp:attachment":[{"href":"https:\/\/www.europesays.com\/pt\/wp-json\/wp\/v2\/media?parent=148365"}],"wp:term":[{"taxonomy":"category","embeddable":true,"href":"https:\/\/www.europesays.com\/pt\/wp-json\/wp\/v2\/categories?post=148365"},{"taxonomy":"post_tag","embeddable":true,"href":"https:\/\/www.europesays.com\/pt\/wp-json\/wp\/v2\/tags?post=148365"}],"curies":[{"name":"wp","href":"https:\/\/api.w.org\/{rel}","templated":true}]}}