{"id":148400,"date":"2025-11-11T19:22:13","date_gmt":"2025-11-11T19:22:13","guid":{"rendered":"https:\/\/www.europesays.com\/pt\/148400\/"},"modified":"2025-11-11T19:22:13","modified_gmt":"2025-11-11T19:22:13","slug":"fotografo-premiado-expoe-em-lisboa-as-mulheres-guardavam-sementes-no-cabelo-porque-nao-sabiam-se-para-onde-iam-havia-algo-para-comer","status":"publish","type":"post","link":"https:\/\/www.europesays.com\/pt\/148400\/","title":{"rendered":"Fot\u00f3grafo premiado exp\u00f5e em Lisboa: \u201cAs mulheres guardavam sementes no cabelo porque n\u00e3o sabiam se para onde iam havia algo para comer\u201d"},"content":{"rendered":"<p>Jorge Panchoaga come\u00e7ou a fotografar Palenque de San Basilio por \u201cencomenda\u201d mas ficou por \u201cintui\u00e7\u00e3o\u201d. Trata-se de uma pequena vila no norte da Col\u00f4mbia, fundada por pessoas escravizadas que fugiram no s\u00e9culo XVII. \u00c9 considerado o primeiro territ\u00f3rio livre das Am\u00e9ricas e, em 2005, <strong>foi declarado \u201cobra-prima do Patrim\u00f3nio Oral e Imaterial da Humanidade\u201d pela UNESCO<\/strong>. Na exposi\u00e7\u00e3o \u201cKalabong\u00f3\u201d, Panchoaga conta a hist\u00f3ria de uma comunidade afrodescendente que lutou pela liberdade.<\/p>\n<p>Em entrevista ao Expresso, \u00e0 margem da sua primeira mostra em Portugal, o fot\u00f3grafo e cineasta colombiano explica como este povo foi \u201carrancado do lugar onde vivia\u201d, durante o per\u00edodo da coloniza\u00e7\u00e3o da Am\u00e9rica e, mesmo assim, \u201clutou para encontrar um novo\u201d, preservando as suas \u201cra\u00edzes\u201d. <\/p>\n<p>\u201cAcho que o maior legado que as comunidades afrodescendentes puderam deixar \u00e0 Humanidade \u00e9 a busca e o desejo de liberdade\u201d, afirma Panchoaga, vencedor de cinco pr\u00e9mios Picture Of The Year. A exposi\u00e7\u00e3o pode ser visitada com uma lanterna at\u00e9 ao dia 20 de dezembro, na <a href=\"https:\/\/anarrativa.com\/exposicoes\" target=\"_blank\" rel=\"noopener noreferrer nofollow\">galeria Narrativa<\/a>, em Lisboa. A entrada \u00e9 livre.<\/p>\n<p><a href=\"https:\/\/expresso.pt\/subscrever?action=GEN&amp;channel=VID&amp;type=CAP&amp;source=WEB&amp;returnUrl=https:\/\/expresso.pt\/internacional\/america-latina\/2025-11-11-fotografo-premiado-expoe-em-lisboa-as-mulheres-guardavam-sementes-no-cabelo-porque-nao-sabiam-se-para-onde-iam-havia-algo-para-comer-6a724e8d&amp;utm_source=expresso&amp;utm_medium=locked_article&amp;locked=true&amp;article_id=615dced5-9d0e-4c9d-a1d8-167e0de63dc9&amp;author_id=Mara+Tribuna,Tiago+Miranda&amp;category=Am\u00e9rica+Latina\" target=\"_self\" class=\"\" rel=\"nofollow noopener\">Subscrever<\/a>J\u00e1 \u00e9 Subscritor?Fa\u00e7a login e continue a ler<a href=\"http:\/\/expresso.pt\/codigo?redirectUrl=https:\/\/expresso.pt\/internacional\/america-latina\/2025-11-11-fotografo-premiado-expoe-em-lisboa-as-mulheres-guardavam-sementes-no-cabelo-porque-nao-sabiam-se-para-onde-iam-havia-algo-para-comer-6a724e8d\" target=\"_self\" class=\"\" rel=\"nofollow noopener\">Inserir C\u00f3digo<\/a>Comprou o Expresso?Insira o c\u00f3digo presente na Revista E para continuar a ler<\/p>\n","protected":false},"excerpt":{"rendered":"Jorge Panchoaga come\u00e7ou a fotografar Palenque de San Basilio por \u201cencomenda\u201d mas ficou por \u201cintui\u00e7\u00e3o\u201d. Trata-se de uma&hellip;\n","protected":false},"author":2,"featured_media":148401,"comment_status":"","ping_status":"","sticky":false,"template":"","format":"standard","meta":{"footnotes":""},"categories":[144],"tags":[207,205,206,203,201,202,204,114,115,32,33],"class_list":{"0":"post-148400","1":"post","2":"type-post","3":"status-publish","4":"format-standard","5":"has-post-thumbnail","7":"category-arte-e-design","8":"tag-arte","9":"tag-arte-e-design","10":"tag-artedesign","11":"tag-arts","12":"tag-arts-and-design","13":"tag-artsanddesign","14":"tag-design","15":"tag-entertainment","16":"tag-entretenimento","17":"tag-portugal","18":"tag-pt"},"share_on_mastodon":{"url":"https:\/\/pubeurope.com\/@pt\/115532696307152798","error":""},"_links":{"self":[{"href":"https:\/\/www.europesays.com\/pt\/wp-json\/wp\/v2\/posts\/148400","targetHints":{"allow":["GET"]}}],"collection":[{"href":"https:\/\/www.europesays.com\/pt\/wp-json\/wp\/v2\/posts"}],"about":[{"href":"https:\/\/www.europesays.com\/pt\/wp-json\/wp\/v2\/types\/post"}],"author":[{"embeddable":true,"href":"https:\/\/www.europesays.com\/pt\/wp-json\/wp\/v2\/users\/2"}],"replies":[{"embeddable":true,"href":"https:\/\/www.europesays.com\/pt\/wp-json\/wp\/v2\/comments?post=148400"}],"version-history":[{"count":0,"href":"https:\/\/www.europesays.com\/pt\/wp-json\/wp\/v2\/posts\/148400\/revisions"}],"wp:featuredmedia":[{"embeddable":true,"href":"https:\/\/www.europesays.com\/pt\/wp-json\/wp\/v2\/media\/148401"}],"wp:attachment":[{"href":"https:\/\/www.europesays.com\/pt\/wp-json\/wp\/v2\/media?parent=148400"}],"wp:term":[{"taxonomy":"category","embeddable":true,"href":"https:\/\/www.europesays.com\/pt\/wp-json\/wp\/v2\/categories?post=148400"},{"taxonomy":"post_tag","embeddable":true,"href":"https:\/\/www.europesays.com\/pt\/wp-json\/wp\/v2\/tags?post=148400"}],"curies":[{"name":"wp","href":"https:\/\/api.w.org\/{rel}","templated":true}]}}