{"id":148419,"date":"2025-11-11T19:38:09","date_gmt":"2025-11-11T19:38:09","guid":{"rendered":"https:\/\/www.europesays.com\/pt\/148419\/"},"modified":"2025-11-11T19:38:09","modified_gmt":"2025-11-11T19:38:09","slug":"gosto-de-ser-chique-revelado-misterio-do-detetive-no-furto-ao-louvre-sapo","status":"publish","type":"post","link":"https:\/\/www.europesays.com\/pt\/148419\/","title":{"rendered":"&quot;Gosto de ser chique&quot;. Revelado mist\u00e9rio do &#039;detetive&#039; no furto ao Louvre &#8211; SAPO"},"content":{"rendered":"<ol>\n<li><a href=\"https:\/\/news.google.com\/rss\/articles\/CBMitwFBVV95cUxNVUgzMVMyd2NHQmpOTkhsVVpKaldoOW1HNzNBR3VZa3RrWHA3a0dqQWZOY2UxenEzR3o4SkJvZ2wxb1FOSV9UVzJZQXkxZmVaOE5sZVg1OHpwUkt3dWZvSVUxSWJkdjZOc3gtN2hSMFVOUk1uY0FmMnNfbmMxdkZVTVNKajlud1RoWWNIVGRpSWUwak1mNzREWGU3bjJWMzBEWjgwQlptMHZuOU9CbEo3ellNd3hmX1E?oc=5\" target=\"_blank\" rel=\"nofollow noopener\">&#8220;Gosto de ser chique&#8221;. Revelado mist\u00e9rio do &#8216;detetive&#8217; no furto ao Louvre<\/a>&nbsp;&nbsp;SAPO<\/li>\n<li><a href=\"https:\/\/news.google.com\/rss\/articles\/CBMivwFBVV95cUxPTDRHY3hlMDNwWWYzNnlBdWNsbHV6QTBBbDVGQVg4X3VQeV9odTFFY3V4SWRVZUprdVp3THZOak5wMnZmeUZzY3J3SzUtU09KV19oNkJQU05FMmlTZ0VGbWlSSnFXOXp6WjFQNFMtUmR1ZWdZMG1jTUV3cHJmT1p0YUk0TVFMMi0yZ01NalBad0g4OWVmRkdMaFdZWXVMcExpVnVyOHJ5RnNVWXZMZk1YNmM1aGhMaThiSTV6UjNhZw?oc=5\" target=\"_blank\" rel=\"nofollow noopener\">Quem \u00e9 o adolescente por tr\u00e1s da foto misteriosa do roubo ao Museu do Louvre?<\/a>&nbsp;&nbsp;Estad\u00e3o<\/li>\n<li><a href=\"https:\/\/news.google.com\/rss\/articles\/CBMiYkFVX3lxTFAtWTZlb0lIakRkYVpQWWpwQjlLbXdHQXVYQ2F5WVJ0U1RVQzFwZzZDaFZ1MHA3ckM1am1xMmFudm5ieGZXdjR6eDM4NEpyNFRXTXBnT251MnZLRjZUWmZqcFhR?oc=5\" target=\"_blank\" rel=\"nofollow noopener\">O adolescente f\u00e3 de Sherlock Holmes que viralizou em foto &#8216;misteriosa&#8217; na cena do roubo do Louvre<\/a>&nbsp;&nbsp;BBC<\/li>\n<li><a href=\"https:\/\/news.google.com\/rss\/articles\/CBMi9AFBVV95cUxNczhMXzhldlhNVVo5alRrdFliakRHaGZnWFZQWFZ0U2V3OGROQTVtdlpRRzBGc0dPRkJhb1llRktUM01hVEZ0emJ2cTlyVFQwa29FcWloby1xa1FqOGE5ajBpMU1Cc1dRT09iSE1CNXZ2YnliN21mRXpDZFZkZ3NQVEFSZ2VFcU55TmZOVEtwZkV0QkpaSk91RkZXNG9Wd2hHS2QzZTA3THh4R2o4XzBXMWNaR3BhUUVVZ0hIaW5hUUpXM0EzbHBVR2ZjYTdzLU5IZG14V2cxS0pwYmdCNnhOQmgtVk83ZXB1RzNzWlp4UXdsS05y0gGDAkFVX3lxTE8ySkY4YS10VFhYZGRxOHNhMGVoWWwzcjJsZ2FfZEd0QnJJZ2FQaU9KNHVRWHZ1WEQydDQ4eTJfU3pMVGNtalR0UmJWVTF4TkdXOUhoWFhEOWJqOG5sdk1IQnBOc2dJOW94WmZ5eHNrMldPYWRQbU1LSVVWRVpYS3l0ZFZQdnFSMXhEQVNoQU5iTXRwNFl2WXlFNW1lS3RQZXpRcGR3N2NrV0JkOFJrSElIRHROazBpb3BXdXZJVDJCU2pTN2VadE5KaER5SkNsZndtTWtfb1NBRkFYdG9wZUpJYV9wYWt0Z3J0dFJsUnRuLVNBYTc5TFp5OWRIVGFJQU5SWXM?oc=5\" target=\"_blank\" rel=\"nofollow noopener\">&#8216;Detetive&#8217; estiloso que viralizou em roubo do Louvre tem s\u00f3 15 anos e \u00e9 f\u00e3 de Poirot: &#8216;Gosto de ser elegante&#8217;<\/a>&nbsp;&nbsp;O Globo<\/li>\n<li><a href=\"https:\/\/news.google.com\/rss\/articles\/CBMi9wFBVV95cUxPVnk4Z2tYQm5ENXplRC11cHk4UDNlMkRDdTBmbW90ZUN0WVgxVlJqU2V2S3BOV0RSaFdFUkJENU9qQnE3NkMyMHk2ZlR3R29lalZMbjF1MDJaZDFGNzJ6OTdmU0xvWmxBYU9YUV9Hc1ZWRmlSNlNucXRWeVBuSzJMaXdYSVZRbWF6R0ktTkRNcklIRVc1aXJSeWQwcE9Pb1NDcHpCaHhSaVZaNWNzTjlNOTdTaWw2c0V3eU02eFZRTV91RDFjQVFnX2tab3V4aWhLXzk1UzhwYTRidFpJZERQVXZyNWNOVEtiLUIyVk9fLXNGVnlFeG5F?oc=5\" target=\"_blank\" rel=\"nofollow noopener\">Adolescente f\u00e3 de Sherlock Holmes viraliza em foto &#8216;misteriosa&#8217; na cena do roubo do Louvre<\/a>&nbsp;&nbsp;Di\u00e1rio do Nordeste<\/li>\n<\/ol>\n","protected":false},"excerpt":{"rendered":"&#8220;Gosto de ser chique&#8221;. Revelado mist\u00e9rio do &#8216;detetive&#8217; no furto ao Louvre&nbsp;&nbsp;SAPO Quem \u00e9 o adolescente por tr\u00e1s&hellip;\n","protected":false},"author":2,"featured_media":144952,"comment_status":"","ping_status":"","sticky":false,"template":"","format":"standard","meta":{"footnotes":""},"categories":[144],"tags":[207,205,206,203,201,202,204,114,115,32,33],"class_list":{"0":"post-148419","1":"post","2":"type-post","3":"status-publish","4":"format-standard","5":"has-post-thumbnail","7":"category-arte-e-design","8":"tag-arte","9":"tag-arte-e-design","10":"tag-artedesign","11":"tag-arts","12":"tag-arts-and-design","13":"tag-artsanddesign","14":"tag-design","15":"tag-entertainment","16":"tag-entretenimento","17":"tag-portugal","18":"tag-pt"},"share_on_mastodon":{"url":"https:\/\/pubeurope.com\/@pt\/115532759225856154","error":""},"_links":{"self":[{"href":"https:\/\/www.europesays.com\/pt\/wp-json\/wp\/v2\/posts\/148419","targetHints":{"allow":["GET"]}}],"collection":[{"href":"https:\/\/www.europesays.com\/pt\/wp-json\/wp\/v2\/posts"}],"about":[{"href":"https:\/\/www.europesays.com\/pt\/wp-json\/wp\/v2\/types\/post"}],"author":[{"embeddable":true,"href":"https:\/\/www.europesays.com\/pt\/wp-json\/wp\/v2\/users\/2"}],"replies":[{"embeddable":true,"href":"https:\/\/www.europesays.com\/pt\/wp-json\/wp\/v2\/comments?post=148419"}],"version-history":[{"count":0,"href":"https:\/\/www.europesays.com\/pt\/wp-json\/wp\/v2\/posts\/148419\/revisions"}],"wp:featuredmedia":[{"embeddable":true,"href":"https:\/\/www.europesays.com\/pt\/wp-json\/wp\/v2\/media\/144952"}],"wp:attachment":[{"href":"https:\/\/www.europesays.com\/pt\/wp-json\/wp\/v2\/media?parent=148419"}],"wp:term":[{"taxonomy":"category","embeddable":true,"href":"https:\/\/www.europesays.com\/pt\/wp-json\/wp\/v2\/categories?post=148419"},{"taxonomy":"post_tag","embeddable":true,"href":"https:\/\/www.europesays.com\/pt\/wp-json\/wp\/v2\/tags?post=148419"}],"curies":[{"name":"wp","href":"https:\/\/api.w.org\/{rel}","templated":true}]}}