{"id":148434,"date":"2025-11-11T19:48:13","date_gmt":"2025-11-11T19:48:13","guid":{"rendered":"https:\/\/www.europesays.com\/pt\/148434\/"},"modified":"2025-11-11T19:48:13","modified_gmt":"2025-11-11T19:48:13","slug":"letizia-aposta-em-visual-reciclado-em-visita-a-china-observador","status":"publish","type":"post","link":"https:\/\/www.europesays.com\/pt\/148434\/","title":{"rendered":"Letizia aposta em visual reciclado em visita \u00e0 China \u2013 Observador"},"content":{"rendered":"<p>Esta ter\u00e7a-feira pela manh\u00e3 Letizia participou na comemora\u00e7\u00e3o do 150.\u00ba anivers\u00e1rio do nascimento do poeta espanhol Antonio Machado, no Memorial da Poeta Xue Tao. A homenagem teve lugar num dos espa\u00e7os mais emblem\u00e1ticos da vida cultural de Chengdu, o Parque Wangjianglou, onde foram lidos dois poemas curtos da poeta Xue Tao, assim como o poema A un olmo seco, de Antonio Machado, escrito em S\u00f3ria em 1912. Letizia tamb\u00e9m encontrou-se com poetas, escritores e artistas num ch\u00e1 tradicional chin\u00eas.<\/p>\n<p>J\u00e1 o Rei,<a href=\"https:\/\/observador.pt\/2025\/11\/11\/rei-de-espanha-sublinha-papel-da-seguranca-juridica-nas-relacoes-economicas-com-china\/\" target=\"_blank\" rel=\"noopener nofollow\"> presidiu \u00e0 inaugura\u00e7\u00e3o do F\u00f3rum Empresarial Espanha\u2013China em Chengdu<\/a>, onde discursou:\u00a0\u201c\u00c9 com entusiasmo que procuramos, em conjunto, impulsionar novas oportunidades de colabora\u00e7\u00e3o que revertam em benef\u00edcio m\u00fatuo para as nossas empresas e na prosperidade dos nossos povos\u201d, destacou Felipe VI. Na sequ\u00eancia, visitou as instala\u00e7\u00f5es da primeira torre integrada de controlo automatizado do pa\u00eds destinada a monitorizar os voos abaixo dos 1.500 metros de altitude, comandada pela espanhola Indra. Felipe VI teve tamb\u00e9m\u00a0um encontro com o secret\u00e1rio do Comit\u00e9 do Partido Comunista da China na prov\u00edncia de Sichuan, Wang Xiaohui.<\/p>\n<p>Passados os compromissos da manh\u00e3, Felipe VI e Letizia juntaram-se para participar num almo\u00e7o organizado pelo secret\u00e1rio do Comit\u00e9 do Partido Comunista da China na prov\u00edncia de Sichuan, Wang Xiaohui,\u00a0pela governadora da prov\u00edncia de Sichuan, Shi Xiaolin, e por outras autoridades locais.<\/p>\n<p>De recordar que os Reis despediram-se com honras militares no aeroporto de Madrid no passado domingo e foram recebidos na segunda-feira pelo vice-governador da prov\u00edncia de Sichuan, pela embaixadora de Espanha na Rep\u00fablica Popular da China, pelo embaixador da Rep\u00fablica Popular da China em Espanha e pelo C\u00f4nsul-Geral de Espanha em Chengdu. <strong>Felipe VI e Letizia permanecem na China at\u00e9 o dia 13<\/strong> \u2014 per\u00edodo em que ainda deve decorrer um jantar de gala e um concerto.<\/p>\n","protected":false},"excerpt":{"rendered":"Esta ter\u00e7a-feira pela manh\u00e3 Letizia participou na comemora\u00e7\u00e3o do 150.\u00ba anivers\u00e1rio do nascimento do poeta espanhol Antonio Machado,&hellip;\n","protected":false},"author":2,"featured_media":148435,"comment_status":"","ping_status":"","sticky":false,"template":"","format":"standard","meta":{"footnotes":""},"categories":[50],"tags":[27,28,6516,211,15,16,14,25,26,186,21,22,62,12,13,19,20,23,24,17,18,29,30,31,63,64,65],"class_list":{"0":"post-148434","1":"post","2":"type-post","3":"status-publish","4":"format-standard","5":"has-post-thumbnail","7":"category-mundo","8":"tag-breaking-news","9":"tag-breakingnews","10":"tag-casas-reais","11":"tag-celebridades","12":"tag-featured-news","13":"tag-featurednews","14":"tag-headlines","15":"tag-latest-news","16":"tag-latestnews","17":"tag-lifestyle","18":"tag-main-news","19":"tag-mainnews","20":"tag-mundo","21":"tag-news","22":"tag-noticias","23":"tag-noticias-principais","24":"tag-noticiasprincipais","25":"tag-principais-noticias","26":"tag-principaisnoticias","27":"tag-top-stories","28":"tag-topstories","29":"tag-ultimas","30":"tag-ultimas-noticias","31":"tag-ultimasnoticias","32":"tag-world","33":"tag-world-news","34":"tag-worldnews"},"share_on_mastodon":{"url":"https:\/\/pubeurope.com\/@pt\/115532798568036455","error":""},"_links":{"self":[{"href":"https:\/\/www.europesays.com\/pt\/wp-json\/wp\/v2\/posts\/148434","targetHints":{"allow":["GET"]}}],"collection":[{"href":"https:\/\/www.europesays.com\/pt\/wp-json\/wp\/v2\/posts"}],"about":[{"href":"https:\/\/www.europesays.com\/pt\/wp-json\/wp\/v2\/types\/post"}],"author":[{"embeddable":true,"href":"https:\/\/www.europesays.com\/pt\/wp-json\/wp\/v2\/users\/2"}],"replies":[{"embeddable":true,"href":"https:\/\/www.europesays.com\/pt\/wp-json\/wp\/v2\/comments?post=148434"}],"version-history":[{"count":0,"href":"https:\/\/www.europesays.com\/pt\/wp-json\/wp\/v2\/posts\/148434\/revisions"}],"wp:featuredmedia":[{"embeddable":true,"href":"https:\/\/www.europesays.com\/pt\/wp-json\/wp\/v2\/media\/148435"}],"wp:attachment":[{"href":"https:\/\/www.europesays.com\/pt\/wp-json\/wp\/v2\/media?parent=148434"}],"wp:term":[{"taxonomy":"category","embeddable":true,"href":"https:\/\/www.europesays.com\/pt\/wp-json\/wp\/v2\/categories?post=148434"},{"taxonomy":"post_tag","embeddable":true,"href":"https:\/\/www.europesays.com\/pt\/wp-json\/wp\/v2\/tags?post=148434"}],"curies":[{"name":"wp","href":"https:\/\/api.w.org\/{rel}","templated":true}]}}