{"id":148453,"date":"2025-11-11T20:04:15","date_gmt":"2025-11-11T20:04:15","guid":{"rendered":"https:\/\/www.europesays.com\/pt\/148453\/"},"modified":"2025-11-11T20:04:15","modified_gmt":"2025-11-11T20:04:15","slug":"gouveia-e-melo-marcelo-nao-precisava-desmentir-porque-eu-nunca-disse-isso-sobre-polemica-de-candidatura","status":"publish","type":"post","link":"https:\/\/www.europesays.com\/pt\/148453\/","title":{"rendered":"Gouveia e Melo. &#8220;Marcelo n\u00e3o precisava desmentir porque eu nunca disse isso&#8221;, sobre pol\u00e9mica de candidatura"},"content":{"rendered":"<p>[O Presidente] &#8220;n\u00e3o precisava de desmentir porque eu tamb\u00e9m nunca disse isso&#8221;, refor\u00e7ou novamente Gouveia e Melo sobre a pol\u00e9mica em torno da declara\u00e7\u00e3o na qual fala do que motivou a sua candidatura a Bel\u00e9m. O candidato falou com o DN e a Record TV durante uma visita ao stand do Brasil no Web Summit na tarde desta ter\u00e7a-feira, 11 de novembro.<\/p>\n<p>Segundo Gouveia e Melo, o que ocorreu foi uma &#8220;interpreta\u00e7\u00e3o abusiva&#8221; da declara\u00e7\u00e3o que consta\u00a0<a aria-label=\"content\" target=\"_blank\" href=\"https:\/\/www.dn.pt\/pol%C3%ADtica\/gouveia-e-melo-sobre-o-sns-demasiados-prncipes-e-principados-e-presa-fcil-para-interesses-instalados\" rel=\"nofollow noopener\">no livro\u00a0<\/a><a aria-label=\"content\" target=\"_blank\" href=\"https:\/\/www.dn.pt\/pol%C3%ADtica\/gouveia-e-melo-sobre-o-sns-demasiados-prncipes-e-principados-e-presa-fcil-para-interesses-instalados\" rel=\"nofollow noopener\">As Raz\u00f5es<\/a>, da autoria da diretora-adjunta do DN, Valentina Marcelino. &#8220;A pol\u00e9mica \u00e9 gerada por uma interpreta\u00e7\u00e3o abusiva do que eu disse&#8221;, destacou. &#8220;Depois h\u00e1 todo um circo que se monta \u00e0 volta dessa interpreta\u00e7\u00e3o abusiva&#8221;, complementou o candidato.<\/p>\n<p>A recomenda\u00e7\u00e3o do candidato \u00e9 que leiam o texto original, <a aria-label=\"content\" target=\"_blank\" href=\"https:\/\/www.dn.pt\/pol%C3%ADtica\/o-que-disse-mesmo-gouveia-e-melo-no-livro-as-razes\" rel=\"nofollow noopener\">disponibilizado na \u00edntegra <\/a>aqui no DN. <strong>&#8220;A minha \u00fanica recomenda\u00e7\u00e3o \u00e9 que, por favor, leia o original&#8221;, solicitou.<\/strong><\/p>\n<p>A confus\u00e3o em torno do assunto ocorreu no domingo, 9 de novembro, quando a Lusa difundiu um texto com o t\u00edtulo &#8220;Presidenciais: Gouveia e Melo revela que foi tentativa de Marcelo para o travar que o levou a candidatar-se&#8221;. <\/p>\n<p>Na pe\u00e7a, a ag\u00eancia de not\u00edcias escreveu que o almirante s\u00f3 decidiu avan\u00e7ar para Bel\u00e9m quando leu uma not\u00edcia no\u00a0Expresso\u00a0sobre o facto de  Marcelo Rebelo de Sousa querer travar a sua candidatura presidencial atrav\u00e9s da sua recondu\u00e7\u00e3o como chefe da Armada. No entanto, na manh\u00e3 de segunda-feira, 10 de novembro,\u00a0<a aria-label=\"content\" target=\"_blank\" href=\"https:\/\/www.dn.pt\/pol%C3%ADtica\/notcia-falsa-gouveia-e-melo-nega-que-tenha-dito-que-marcelo-o-levou-a-candidatar-se\" rel=\"nofollow noopener\">o candidato presidencial fez um desmentido<\/a>, dizendo que\u00a0<strong>a not\u00edcia &#8220;\u00e9 falsa&#8221;, tendo &#8220;uma falta de rigor inaceit\u00e1vel&#8221; sobre as declara\u00e7\u00f5es que proferiu.<\/strong>\u00a0<\/p>\n<p>Apesar do desmentido de Gouveia e Melo, a Lusa defendeu esta segunda-feira que &#8220;mant\u00e9m&#8221; a interpreta\u00e7\u00e3o sobre as declara\u00e7\u00f5es do almirante, repudiando &#8220;as acusa\u00e7\u00f5es de que a not\u00edcia em causa seja falsa e, muito menos, que a ag\u00eancia contribua para a desinforma\u00e7\u00e3o&#8221;.<\/p>\n<p>amanda.lima@dn.pt<\/p>\n","protected":false},"excerpt":{"rendered":"[O Presidente] &#8220;n\u00e3o precisava de desmentir porque eu tamb\u00e9m nunca disse isso&#8221;, refor\u00e7ou novamente Gouveia e Melo sobre&hellip;\n","protected":false},"author":2,"featured_media":148454,"comment_status":"","ping_status":"","sticky":false,"template":"","format":"standard","meta":{"footnotes":""},"categories":[10],"tags":[27,28,15,16,9498,14,25,26,21,22,12,13,19,20,32,5215,1076,23,24,33,17,18,29,30,31],"class_list":{"0":"post-148453","1":"post","2":"type-post","3":"status-publish","4":"format-standard","5":"has-post-thumbnail","7":"category-portugal","8":"tag-breaking-news","9":"tag-breakingnews","10":"tag-featured-news","11":"tag-featurednews","12":"tag-gouveia-e-melo","13":"tag-headlines","14":"tag-latest-news","15":"tag-latestnews","16":"tag-main-news","17":"tag-mainnews","18":"tag-news","19":"tag-noticias","20":"tag-noticias-principais","21":"tag-noticiasprincipais","22":"tag-portugal","23":"tag-presidenciais","24":"tag-presidenciais-2026","25":"tag-principais-noticias","26":"tag-principaisnoticias","27":"tag-pt","28":"tag-top-stories","29":"tag-topstories","30":"tag-ultimas","31":"tag-ultimas-noticias","32":"tag-ultimasnoticias"},"share_on_mastodon":{"url":"https:\/\/pubeurope.com\/@pt\/115532861585143327","error":""},"_links":{"self":[{"href":"https:\/\/www.europesays.com\/pt\/wp-json\/wp\/v2\/posts\/148453","targetHints":{"allow":["GET"]}}],"collection":[{"href":"https:\/\/www.europesays.com\/pt\/wp-json\/wp\/v2\/posts"}],"about":[{"href":"https:\/\/www.europesays.com\/pt\/wp-json\/wp\/v2\/types\/post"}],"author":[{"embeddable":true,"href":"https:\/\/www.europesays.com\/pt\/wp-json\/wp\/v2\/users\/2"}],"replies":[{"embeddable":true,"href":"https:\/\/www.europesays.com\/pt\/wp-json\/wp\/v2\/comments?post=148453"}],"version-history":[{"count":0,"href":"https:\/\/www.europesays.com\/pt\/wp-json\/wp\/v2\/posts\/148453\/revisions"}],"wp:featuredmedia":[{"embeddable":true,"href":"https:\/\/www.europesays.com\/pt\/wp-json\/wp\/v2\/media\/148454"}],"wp:attachment":[{"href":"https:\/\/www.europesays.com\/pt\/wp-json\/wp\/v2\/media?parent=148453"}],"wp:term":[{"taxonomy":"category","embeddable":true,"href":"https:\/\/www.europesays.com\/pt\/wp-json\/wp\/v2\/categories?post=148453"},{"taxonomy":"post_tag","embeddable":true,"href":"https:\/\/www.europesays.com\/pt\/wp-json\/wp\/v2\/tags?post=148453"}],"curies":[{"name":"wp","href":"https:\/\/api.w.org\/{rel}","templated":true}]}}