{"id":148460,"date":"2025-11-11T20:11:16","date_gmt":"2025-11-11T20:11:16","guid":{"rendered":"https:\/\/www.europesays.com\/pt\/148460\/"},"modified":"2025-11-11T20:11:16","modified_gmt":"2025-11-11T20:11:16","slug":"a-orfa-3-ganha-titulo-oficial-filmagens-ja-comecaram","status":"publish","type":"post","link":"https:\/\/www.europesays.com\/pt\/148460\/","title":{"rendered":"&#8216;A \u00d3rf\u00e3 3&#8217; ganha T\u00cdTULO oficial; Filmagens j\u00e1 come\u00e7aram!"},"content":{"rendered":"<p>As filmagens da aguardada sequ\u00eancia \u2018<strong>A \u00d3rf\u00e3 3<\/strong>\u2018 j\u00e1 come\u00e7aram!<\/p>\n<p><strong>As grava\u00e7\u00f5es est\u00e3o acontecendo atualmente em Budapeste, na Hungria.<\/strong><\/p>\n<p>Intitulado \u2018<strong>Orphans<\/strong>\u2018 (As \u00d3rf\u00e3s, em tradu\u00e7\u00e3o livre), o novo filme contar\u00e1 com o retorno de <strong>Isabelle Fuhrma<\/strong> no papel principal.<\/p>\n<p>Confira a 1\u00aa imagem dos bastidores e siga o <a href=\"https:\/\/www.youtube.com\/cinepop?sub_confirmation=1\" target=\"_blank\" rel=\"noopener nofollow\"><strong>CinePOP no Youtube<\/strong><\/a>:<\/p>\n<blockquote class=\"twitter-tweet\" data-media-max-width=\"560\">\n<p dir=\"ltr\" lang=\"en\">\u2018ORPHAN 3\u2019 has begun filming.<\/p>\n<p>The film is titled \u2018ORPHANS\u2019 <a href=\"https:\/\/t.co\/TfyfIJEHeo\" rel=\"nofollow\">pic.twitter.com\/TfyfIJEHeo<\/a><\/p>\n<p>\u2014 DiscussingFilm (@DiscussingFilm) <a href=\"https:\/\/twitter.com\/DiscussingFilm\/status\/1987562894566015454?ref_src=twsrc%5Etfw\" rel=\"nofollow noopener\" target=\"_blank\">November 9, 2025<\/a><\/p>\n<\/blockquote>\n<p><strong>William Brent Bell<\/strong> (\u2018Boneco do Mal\u2019) retorna \u00e0 dire\u00e7\u00e3o.<\/p>\n<p>O roteiro \u00e9 assinado por <strong>David Coggeshall<\/strong> (\u2018Plano Fam\u00edlia\u2019).<\/p>\n<p><a href=\"https:\/\/cinepop.com.br\/a-orfa-premonicao-4-sexta-feira-13-16-filmes-de-terror-famosos-que-completam-16-anos-645787\/\" rel=\"nofollow noopener\" target=\"_blank\">\u2018A \u00d3rf\u00e3\u2019, \u2018Premoni\u00e7\u00e3o 4\u2019, \u2018Sexta-Feira 13\u2019 | 16 Filmes de Terror Famosos que Completam 16 ANOS<\/a><\/p>\n<p><strong>Sem data de estreia, o terror est\u00e1 programado para 2026.<\/strong><\/p>\n<p>Anteriormente, o diretor havia comentado sobre seus planos para o terceiro cap\u00edtulo da saga: \u201cH\u00e1 30 anos da vida dela [que n\u00e3o exploramos]. E h\u00e1 tanta experi\u00eancia de vida com a qual podemos brincar. E acho que por causa do tom deste filme, podemos ficar cada vez mais claros. Torne-a mais respons\u00e1vel e m\u00e1, mas tamb\u00e9m se divirta ainda mais \u00e0s vezes. Ent\u00e3o, \u00e9 claro que queremos fazer o terceiro filme. As possibilidades para esta franquia s\u00e3o infinitas. Qualquer coisa \u00e9 poss\u00edvel. E, sabendo a dire\u00e7\u00e3o que estamos seguindo [para o terceiro filme], estou extremamente animado com as reviravoltas que temos reservadas para os espectadores,\u201d declarou o cineasta.<\/p>\n<p><a href=\"https:\/\/cinepop.com.br\/orfa-2-a-origem-e-melhor-que-o-primeiro-filme-confira-as-criticas-356862\/\" rel=\"nofollow noopener\" target=\"_blank\">\u2018\u00d3rf\u00e3 2: A Origem\u2019 \u00e9 MELHOR que o primeiro filme? Confira as cr\u00edticas\u2026<\/a><\/p>\n<p>Novas informa\u00e7\u00f5es devem ser divulgadas em breve.<\/p>\n<p><img fetchpriority=\"high\" decoding=\"async\" class=\"alignnone size-full wp-image-354333\" src=\"https:\/\/www.europesays.com\/pt\/wp-content\/uploads\/2025\/11\/orph.webp.webp\" alt=\"\" width=\"1000\" height=\"1000\"  \/><\/p>\n<p>\u00a0<\/p>\n<p><script async src=\"https:\/\/platform.twitter.com\/widgets.js\" charset=\"utf-8\"><\/script><\/p>\n","protected":false},"excerpt":{"rendered":"As filmagens da aguardada sequ\u00eancia \u2018A \u00d3rf\u00e3 3\u2018 j\u00e1 come\u00e7aram! As grava\u00e7\u00f5es est\u00e3o acontecendo atualmente em Budapeste, na&hellip;\n","protected":false},"author":2,"featured_media":148461,"comment_status":"","ping_status":"","sticky":false,"template":"","format":"standard","meta":{"footnotes":""},"categories":[140],"tags":[32451,26117,32452,32453,114,115,32454,147,148,32455,32456,32457,32458,32459,32460,146,32461,32462,32463,32,33,26412,32464],"class_list":{"0":"post-148460","1":"post","2":"type-post","3":"status-publish","4":"format-standard","5":"has-post-thumbnail","7":"category-filmes","8":"tag-a-orfa","9":"tag-a-origem","10":"tag-aryana-engineer","11":"tag-boneco-do-mal","12":"tag-entertainment","13":"tag-entretenimento","14":"tag-esther","15":"tag-film","16":"tag-filmes","17":"tag-first-kill","18":"tag-isabella-fuhrmann","19":"tag-isabelle-fuhrman","20":"tag-jaume-collet-serra","21":"tag-jimmy-bennett","22":"tag-julia-stiles","23":"tag-movies","24":"tag-orfa-2-a-origem","25":"tag-orphan","26":"tag-peter-sarsgaard","27":"tag-portugal","28":"tag-pt","29":"tag-vera-farmiga","30":"tag-william-brent-bell"},"share_on_mastodon":{"url":"https:\/\/pubeurope.com\/@pt\/115532889238376640","error":""},"_links":{"self":[{"href":"https:\/\/www.europesays.com\/pt\/wp-json\/wp\/v2\/posts\/148460","targetHints":{"allow":["GET"]}}],"collection":[{"href":"https:\/\/www.europesays.com\/pt\/wp-json\/wp\/v2\/posts"}],"about":[{"href":"https:\/\/www.europesays.com\/pt\/wp-json\/wp\/v2\/types\/post"}],"author":[{"embeddable":true,"href":"https:\/\/www.europesays.com\/pt\/wp-json\/wp\/v2\/users\/2"}],"replies":[{"embeddable":true,"href":"https:\/\/www.europesays.com\/pt\/wp-json\/wp\/v2\/comments?post=148460"}],"version-history":[{"count":0,"href":"https:\/\/www.europesays.com\/pt\/wp-json\/wp\/v2\/posts\/148460\/revisions"}],"wp:featuredmedia":[{"embeddable":true,"href":"https:\/\/www.europesays.com\/pt\/wp-json\/wp\/v2\/media\/148461"}],"wp:attachment":[{"href":"https:\/\/www.europesays.com\/pt\/wp-json\/wp\/v2\/media?parent=148460"}],"wp:term":[{"taxonomy":"category","embeddable":true,"href":"https:\/\/www.europesays.com\/pt\/wp-json\/wp\/v2\/categories?post=148460"},{"taxonomy":"post_tag","embeddable":true,"href":"https:\/\/www.europesays.com\/pt\/wp-json\/wp\/v2\/tags?post=148460"}],"curies":[{"name":"wp","href":"https:\/\/api.w.org\/{rel}","templated":true}]}}