{"id":148466,"date":"2025-11-11T20:14:12","date_gmt":"2025-11-11T20:14:12","guid":{"rendered":"https:\/\/www.europesays.com\/pt\/148466\/"},"modified":"2025-11-11T20:14:12","modified_gmt":"2025-11-11T20:14:12","slug":"apos-alegada-traicao-de-daniel-gregorio-liliana-filipa-quebra-o-silencio-ha-ladroes-que-ficam-impunes-secret-story","status":"publish","type":"post","link":"https:\/\/www.europesays.com\/pt\/148466\/","title":{"rendered":"Ap\u00f3s alegada trai\u00e7\u00e3o de Daniel Greg\u00f3rio, Liliana Filipa quebra o sil\u00eancio: \u00abH\u00e1 ladr\u00f5es que ficam impunes\u00bb &#8211; Secret Story"},"content":{"rendered":"<p><strong>Liliana Filipa<\/strong> e <strong>Daniel Greg\u00f3rio <\/strong>estar\u00e3o separados. A informa\u00e7\u00e3o ainda n\u00e3o foi confirmada oficialmente por nenhum dos dois, mas uma fonte pr\u00f3xima relatou que a influencer est\u00e1 muito abalada, ap\u00f3s a suposta separa\u00e7\u00e3o.<\/p>\n<p>Depois dos rumores, Liliana Filipa quebrou o sil\u00eancio ao fazer<a href=\"https:\/\/www.instagram.com\/p\/DQ37856DNcn\/?hl=pt&amp;img_index=14\" rel=\"nofollow noopener\" target=\"_blank\">\u00a0um post de Instagram com um update nas obras da sua casa de sonho<\/a>,\u00a0uma moradia de luxo que est\u00e1 a construir com Daniel Greg\u00f3rio.\u00a0<\/p>\n<blockquote class=\"instagram-media\" data-instgrm-captioned=\"\" data-instgrm-permalink=\"https:\/\/www.instagram.com\/p\/DQ37856DNcn\/?utm_source=ig_embed&amp;utm_campaign=loading\" data-instgrm-version=\"14\" style=\" background:#FFF; border:0; border-radius:3px; box-shadow:0 0 1px 0 rgba(0,0,0,0.5),0 1px 10px 0 rgba(0,0,0,0.15); margin: 1px; max-width:540px; min-width:326px; padding:0; width:99.375%; width:-webkit-calc(100% - 2px); width:calc(100% - 2px);\">\n<\/blockquote>\n<p>\u00a0<\/p>\n<p>Liliana Filipa publicou imagens da obra, assim como de alguns materiais que est\u00e1 a usar na decora\u00e7\u00e3o: \u00abApaixonada pelo processo de construir e decorar a minha casa de sonhos\u00bb. Para al\u00e9m disso, deixou tamb\u00e9m recados em pacotes de a\u00e7\u00facar.\u00a0<\/p>\n<p>\u00abA vida \u00e9 10% o que acontece e 90% como reages\u00bb e \u00abH\u00e1 ladr\u00f5es que ficam impunes, mas que roubam o que h\u00e1 de mais precioso: o tempo\u00bb, l\u00ea-se nos pacotes de a\u00e7\u00facar partilhados por Liliana Filipa.\u00a0<\/p>\n<p>Percorra a galeria de fotografias que prepar\u00e1mos para si com as imagens partilhadas por Liliana Filipa.\u00a0<\/p>\n<p>Alegada separa\u00e7\u00e3o\u00a0 &#8216;cai como bomba&#8217;\u00a0 <\/p>\n<p>A not\u00edcia caiu como uma bomba nas reda\u00e7\u00f5es. <a href=\"https:\/\/tvi.iol.pt\/secretstory\/liliana-filipa\/daniel-gregorio\/liliana-filipa-e-daniel-gregorio-estarao-separados-e-ha-imagens-chocantes-da-alegada-traicao\" rel=\"nofollow noopener\" target=\"_blank\"><strong>Liliana Filipa<\/strong> e <strong>Daniel Greg\u00f3rio <\/strong>estar\u00e3o separados. <\/a>A informa\u00e7\u00e3o ainda n\u00e3o foi confirmada oficialmente, mas uma fonte pr\u00f3xima relatou que a influencer est\u00e1 muito abalada, ap\u00f3s a suposta separa\u00e7\u00e3o.<\/p>\n<p>\u00c9 que um canal de televis\u00e3o revelou imagens chocantes, de uma alegada trai\u00e7\u00e3o de Daniel Greg\u00f3rio. O referido v\u00eddeo ter\u00e1 sido captado no Algarve recentemente e, alegadamente, mostra o ex-concorrente muito pr\u00f3ximo de outra mulher.<\/p>\n<p>Recorde-se que Liliana Filipa e Daniel Greg\u00f3rio estavam noivos. Os dois ex-concorrentes estavam juntos j\u00e1 h\u00e1 11 anos. T\u00eam dois filhos em comum e estavam, tamb\u00e9m, a construir o lar dos sonhos. \u00a0<\/p>\n<p>At\u00e9 ao momento, tanto Liliana Filipa como Daniel Greg\u00f3rio permanecem em sil\u00eancio e ainda n\u00e3o negaram as not\u00edcias.\u00a0 Contudo, Daniel Greg\u00f3rio ter\u00e1 garantido a um comentador social que ele e a mulher do v\u00eddeo est\u00e3o apenas a falar ao ouvido um do outro.\u00a0<\/p>\n<p><strong>\u00a0VEJA AQUI<\/strong>:\u00a0<a href=\"https:\/\/tvi.iol.pt\/secretstory\/fotos\/ainda-se-lembra-de-como-comecou-o-namoro-de-liliana-filipa-e-daniel-gregorio-uma-historia-de-amor-com-mais-de-10-anos-contada-em-imagens\/67cedfeed34e3f0bae9b6e88\" rel=\"nofollow noopener\" target=\"_blank\">Ainda se lembra de como come\u00e7ou o namoro de Liliana Filipa e Daniel Greg\u00f3rio? Uma hist\u00f3ria de amor com mais de 10 anos contada em imagens\u00a0<\/a>\u00a0<\/p>\n<p>                        <script async src=\"\/\/www.instagram.com\/embed.js\"><\/script><\/p>\n","protected":false},"excerpt":{"rendered":"Liliana Filipa e Daniel Greg\u00f3rio estar\u00e3o separados. A informa\u00e7\u00e3o ainda n\u00e3o foi confirmada oficialmente por nenhum dos dois,&hellip;\n","protected":false},"author":2,"featured_media":148467,"comment_status":"","ping_status":"","sticky":false,"template":"","format":"standard","meta":{"footnotes":""},"categories":[85],"tags":[18706,9679,114,115,18705,3436,32,33,18704],"class_list":{"0":"post-148466","1":"post","2":"type-post","3":"status-publish","4":"format-standard","5":"has-post-thumbnail","7":"category-entretenimento","8":"tag-bastidores-secret-story","9":"tag-daniel-gregorio","10":"tag-entertainment","11":"tag-entretenimento","12":"tag-entrevistas-concorrentes-tvi","13":"tag-liliana-filipa","14":"tag-portugal","15":"tag-pt","16":"tag-vida-fora-da-casa"},"share_on_mastodon":{"url":"https:\/\/pubeurope.com\/@pt\/115532901014418370","error":""},"_links":{"self":[{"href":"https:\/\/www.europesays.com\/pt\/wp-json\/wp\/v2\/posts\/148466","targetHints":{"allow":["GET"]}}],"collection":[{"href":"https:\/\/www.europesays.com\/pt\/wp-json\/wp\/v2\/posts"}],"about":[{"href":"https:\/\/www.europesays.com\/pt\/wp-json\/wp\/v2\/types\/post"}],"author":[{"embeddable":true,"href":"https:\/\/www.europesays.com\/pt\/wp-json\/wp\/v2\/users\/2"}],"replies":[{"embeddable":true,"href":"https:\/\/www.europesays.com\/pt\/wp-json\/wp\/v2\/comments?post=148466"}],"version-history":[{"count":0,"href":"https:\/\/www.europesays.com\/pt\/wp-json\/wp\/v2\/posts\/148466\/revisions"}],"wp:featuredmedia":[{"embeddable":true,"href":"https:\/\/www.europesays.com\/pt\/wp-json\/wp\/v2\/media\/148467"}],"wp:attachment":[{"href":"https:\/\/www.europesays.com\/pt\/wp-json\/wp\/v2\/media?parent=148466"}],"wp:term":[{"taxonomy":"category","embeddable":true,"href":"https:\/\/www.europesays.com\/pt\/wp-json\/wp\/v2\/categories?post=148466"},{"taxonomy":"post_tag","embeddable":true,"href":"https:\/\/www.europesays.com\/pt\/wp-json\/wp\/v2\/tags?post=148466"}],"curies":[{"name":"wp","href":"https:\/\/api.w.org\/{rel}","templated":true}]}}