{"id":148470,"date":"2025-11-11T20:17:09","date_gmt":"2025-11-11T20:17:09","guid":{"rendered":"https:\/\/www.europesays.com\/pt\/148470\/"},"modified":"2025-11-11T20:17:09","modified_gmt":"2025-11-11T20:17:09","slug":"aviao-de-carga-militar-turco-despenha-se-na-fronteira-entre-azerbaijao-e-georgia","status":"publish","type":"post","link":"https:\/\/www.europesays.com\/pt\/148470\/","title":{"rendered":"Avi\u00e3o de carga militar turco despenha-se na fronteira entre Azerbaij\u00e3o e Ge\u00f3rgia"},"content":{"rendered":"<p data-remotead-prev-elm=\"true\" data-remotead-elm-id=\"inread\">&#8220;Foram iniciadas opera\u00e7\u00f5es de busca e salvamento em coordena\u00e7\u00e3o com as autoridades azeris e georgianas&#8221;, avan\u00e7ou o minist\u00e9rio, em comunicado.<\/p>\n<p>Apesar de o Governo turco n\u00e3o ter adiantado informa\u00e7\u00f5es, o presidente, Recep Tayyip Erdogan, sinalizou a exist\u00eancia de v\u00edtimas, sem referir n\u00fameros.<\/p>\n<p>Erdogan disse estar &#8220;profundamente triste&#8221; com o acidente e expressou as suas condol\u00eancias aos familiares das v\u00edtimas.<\/p>\n<p data-remotead-prev-elm=\"true\" data-remotead-elm-id=\"centro1\">&#8220;Que Deus tenha miseric\u00f3rdia dos nossos m\u00e1rtires&#8221;, afirmou.<\/p>\n<blockquote class=\"twitter-tweet\">\n<p>Un avi\u00f3n de transporte militar C-130 de la Fuerza A\u00e9rea Turca (matr\u00edcula 68-01609) se estrell\u00f3 en Georgia tras desintegrarse en pleno vuelo, despu\u00e9s de haber despegado de Azerbaiy\u00e1n rumbo a <a href=\"https:\/\/twitter.com\/hashtag\/Turquia?src=hash&amp;ref_src=twsrc%5Etfw\" rel=\"nofollow noopener\" target=\"_blank\">#Turquia<\/a><\/p>\n<p>. <a href=\"https:\/\/t.co\/eP9vuBtGCa\" rel=\"nofollow\">pic.twitter.com\/eP9vuBtGCa<\/a><\/p>\n<p>&#8211; @ALTOS_NOTICIASpy (@Altosnoticiasp1) <a href=\"https:\/\/twitter.com\/Altosnoticiasp1\/status\/1988257623817220143?ref_src=twsrc%5Etfw\" rel=\"nofollow noopener\" target=\"_blank\">November 11, 2025<\/a><\/p><\/blockquote>\n<p>De acordo com o Minist\u00e9rio do Interior da Ge\u00f3rgia, o avi\u00e3o caiu no munic\u00edpio georgiano de Sighnaghi, perto da fronteira com o Azerbaij\u00e3o, tendo sido j\u00e1 iniciada uma investiga\u00e7\u00e3o.<\/p>\n<p data-remotead-prev-elm=\"true\" data-remotead-elm-id=\"centro2\">O Governo turco pediu, entretanto, \u00e0 imprensa para &#8220;n\u00e3o publicar qualquer imagem&#8221; do acidente, depois de v\u00e1rios v\u00eddeos alegadamente do momento da queda terem come\u00e7ado a circular em &#8220;sites&#8221; para adultos e terem sido exibidos na esta\u00e7\u00e3o de televis\u00e3o turca NTV e noutros meios de comunica\u00e7\u00e3o.<\/p>\n<p>Dois v\u00eddeos gravados de locais diferentes mostram o mesmo avi\u00e3o a cair em espiral, deixando um rasto de fumo branco, antes de se despenhar ao longe, libertando uma densa coluna de fumo negro.<\/p>\n<p>Os avi\u00f5es de carga militar C-130 s\u00e3o amplamente utilizados pelas for\u00e7as armadas da Turquia para o transporte de pessoal e para opera\u00e7\u00f5es log\u00edsticas.<\/p>\n<p><script async src=\"https:\/\/platform.twitter.com\/widgets.js\" charset=\"utf-8\"><\/script><\/p>\n","protected":false},"excerpt":{"rendered":"&#8220;Foram iniciadas opera\u00e7\u00f5es de busca e salvamento em coordena\u00e7\u00e3o com as autoridades azeris e georgianas&#8221;, avan\u00e7ou o minist\u00e9rio,&hellip;\n","protected":false},"author":2,"featured_media":148471,"comment_status":"","ping_status":"","sticky":false,"template":"","format":"standard","meta":{"footnotes":""},"categories":[50],"tags":[8241,27,28,15,16,16960,14,25,26,21,22,62,12,13,19,20,23,24,21883,17,18,2428,29,30,31,63,64,65],"class_list":{"0":"post-148470","1":"post","2":"type-post","3":"status-publish","4":"format-standard","5":"has-post-thumbnail","7":"category-mundo","8":"tag-azerbaijao","9":"tag-breaking-news","10":"tag-breakingnews","11":"tag-featured-news","12":"tag-featurednews","13":"tag-georgia","14":"tag-headlines","15":"tag-latest-news","16":"tag-latestnews","17":"tag-main-news","18":"tag-mainnews","19":"tag-mundo","20":"tag-news","21":"tag-noticias","22":"tag-noticias-principais","23":"tag-noticiasprincipais","24":"tag-principais-noticias","25":"tag-principaisnoticias","26":"tag-queda-de-aviao","27":"tag-top-stories","28":"tag-topstories","29":"tag-turquia","30":"tag-ultimas","31":"tag-ultimas-noticias","32":"tag-ultimasnoticias","33":"tag-world","34":"tag-world-news","35":"tag-worldnews"},"share_on_mastodon":{"url":"https:\/\/pubeurope.com\/@pt\/115532912708941607","error":""},"_links":{"self":[{"href":"https:\/\/www.europesays.com\/pt\/wp-json\/wp\/v2\/posts\/148470","targetHints":{"allow":["GET"]}}],"collection":[{"href":"https:\/\/www.europesays.com\/pt\/wp-json\/wp\/v2\/posts"}],"about":[{"href":"https:\/\/www.europesays.com\/pt\/wp-json\/wp\/v2\/types\/post"}],"author":[{"embeddable":true,"href":"https:\/\/www.europesays.com\/pt\/wp-json\/wp\/v2\/users\/2"}],"replies":[{"embeddable":true,"href":"https:\/\/www.europesays.com\/pt\/wp-json\/wp\/v2\/comments?post=148470"}],"version-history":[{"count":0,"href":"https:\/\/www.europesays.com\/pt\/wp-json\/wp\/v2\/posts\/148470\/revisions"}],"wp:featuredmedia":[{"embeddable":true,"href":"https:\/\/www.europesays.com\/pt\/wp-json\/wp\/v2\/media\/148471"}],"wp:attachment":[{"href":"https:\/\/www.europesays.com\/pt\/wp-json\/wp\/v2\/media?parent=148470"}],"wp:term":[{"taxonomy":"category","embeddable":true,"href":"https:\/\/www.europesays.com\/pt\/wp-json\/wp\/v2\/categories?post=148470"},{"taxonomy":"post_tag","embeddable":true,"href":"https:\/\/www.europesays.com\/pt\/wp-json\/wp\/v2\/tags?post=148470"}],"curies":[{"name":"wp","href":"https:\/\/api.w.org\/{rel}","templated":true}]}}