{"id":148496,"date":"2025-11-11T20:39:10","date_gmt":"2025-11-11T20:39:10","guid":{"rendered":"https:\/\/www.europesays.com\/pt\/148496\/"},"modified":"2025-11-11T20:39:10","modified_gmt":"2025-11-11T20:39:10","slug":"homem-aranha-ganha-novo-uniforme-e-visual-sombrio-veja-a-imagem","status":"publish","type":"post","link":"https:\/\/www.europesays.com\/pt\/148496\/","title":{"rendered":"Homem-Aranha ganha novo uniforme e visual sombrio; veja a imagem"},"content":{"rendered":"<p>  <img decoding=\"async\" src=\"https:\/\/cdn.ome.lt\/static\/omelete\/img\/loading.svg\" alt=\"\"\/><\/p>\n<p>  <img decoding=\"async\" class=\"article__cover__image\" data-lazy-src-mob=\"\/\/cdn.ome.lt\/ubexHsdT2otg_i4tlHyc3KkcFrw=\/570x0\/smart\/filters:format(webp)\/uploads\/conteudo\/fotos\/Spiderman-Logo-6.png\" data-lazy-src=\"https:\/\/cdn.ome.lt\/jiOTKTOnv8Oa4nX_6d3p6qVIjt8=\/987x0\/smart\/filters:format(webp)\/uploads\/conteudo\/fotos\/Spiderman-Logo-6.png\" src=\"data:image\/png;base64,iVBORw0KGgoAAAANSUhEUgAAAAEAAAABCAQAAAC1HAwCAAAAC0lEQVR42mNkYAAAAAYAAjCB0C8AAAAASUVORK5CYII=\" alt=\"Homem Aranha - Marvel Comics\" title=\"Homem Aranha - Marvel Comics\" width=\"987\" height=\"555\" fetchpriority=\"high\"\/><\/p>\n<p class=\"article__cover__credits\">\n  Cr\u00e9ditos da imagem:<br \/>\n  Divulga\u00e7\u00e3o\n<\/p>\n<p>O her\u00f3i\u00a0<strong>Homem-Aranha<\/strong> ganhar\u00e1 um novo alter-ego para chamar de seu nos pr\u00f3ximos quadrinhos da <strong>Marvel Comics<\/strong>.<\/p>\n<p>De acordo com o portal Comic Book Movie, a atual parceira simbi\u00f3tica de\u00a0<strong>Venom<\/strong>,\u00a0<strong>Mary Jane Watson<\/strong>, vai assumir a identidade e o traje do lan\u00e7ador de teias a partir da edi\u00e7\u00e3o 252 da HQ\u00a0<strong>Venom<\/strong>, prevista para ser lan\u00e7ada em 3 de dezembro.<\/p>\n<p>            Continua depois da Publicidade<\/p>\n<p>Ainda n\u00e3o se sabe os motivos que levar\u00e3o Mary Jane e Venom a chamar para si a responsabilidade de se tornar o Homem-Aranha, mas os eventos condutores dessa reviravolta devem come\u00e7ar a se apresentar na edi\u00e7\u00e3o 251, que chega amanh\u00e3 (12) \u00e0s bancas.<\/p>\n<p>A Marvel lan\u00e7ou algumas capas variantes para comemorar o\u00a0crossover entre os dois her\u00f3is. Nas imagens, \u00e9 poss\u00edvel ver Venom com sua costumeira express\u00e3o debochada, vestindo o novo uniforme do homem-aracn\u00eddeo sobre seu corpo extremamente musculoso.<\/p>\n<p>Vale lembrar que o alter-ego original do her\u00f3i, Peter Parker, est\u00e1 perdido no espa\u00e7o sideral na narrativa de sua HQ, raz\u00e3o pela qual Norman Osborn j\u00e1 havia assumido a identidade (e a miss\u00e3o) do Homem-Aranha no lugar dele em Nova York.<\/p>\n<p>    <strong>Tudo sobre Homem-Aranha: Um Novo Dia<\/strong><\/p>\n<p>            Continua depois da Publicidade<\/p>\n<p>Al\u00e9m de\u00a0<strong>Tom Holland<\/strong>\u00a0e\u00a0<strong>Jacob Batalon<\/strong>,\u00a0<strong>Zendaya<\/strong>\u00a0retorna para o novo filme do Aranha no papel de MJ. N\u00e3o h\u00e1 mais detalhes do elenco e de hist\u00f3ria no momento, al\u00e9m da atriz\u00a0<strong>Sadie\u00a0Sink<\/strong>, que foi confirmada, mas em papel ainda n\u00e3o especificado. Outra pessoa confirmada, \u00e9\u00a0<strong>Jon Bernthal\u00a0<\/strong>como Justiceiro. Al\u00e9m dele,\u00a0<strong>Mark Ruffalo\u00a0<\/strong>est\u00e1 no filme como o Hulk.<\/p>\n<p>Durante um tempo, era especulado que o foco do longa seria numa trama mais p\u00e9-no-ch\u00e3o, com o Homem-Aranha e o\u00a0Demolidor\u00a0de\u00a0<strong>Charlie Cox\u00a0<\/strong>se juntando para encarar o\u00a0Rei do Crime\u00a0de\u00a0<strong>Vincent D&#8217;Onofrio &#8211;<\/strong>\u00a0mas, ao que parece, a ideia foi descartada. Tamb\u00e9m houve rumores de que o vil\u00e3o Knull, interpretado por<strong>\u00a0Andy Serkis\u00a0<\/strong>em\u00a0Venom: A \u00daltima Rodada,\u00a0seria o grande inimigo.<\/p>\n<p>Tamb\u00e9m foi dito que a hist\u00f3ria focaria na ic\u00f4nica roupa preta do her\u00f3i. Em outras palavras: ningu\u00e9m sabe nada.<\/p>\n<p><strong>Destin Daniel Cretton<\/strong>\u00a0(Shang-Chi e a Lenda dos Dez An\u00e9is) ser\u00e1 o diretor do projeto.\u00a0<strong>Erik Sommers<\/strong>\u00a0e\u00a0<strong>Chris McKenna<\/strong>, que fizeram o roteiro de\u00a0Homem-Aranha: Sem Volta para Casa,\u00a0tamb\u00e9m ser\u00e3o respons\u00e1veis pelo pr\u00f3ximo filme.\u00a0<\/p>\n<p>            Continua depois da Publicidade<\/p>\n<p data-gtm-vis-first-on-screen67967661_30=\"68175\" data-gtm-vis-has-fired67967661_30=\"1\" data-gtm-vis-total-visible-time67967661_30=\"100\">Homem-Aranha: Um Novo Dia\u00a0est\u00e1 programado para chegar em\u00a0<strong>30 de julho de 2026\u00a0<\/strong>nos cinemas.<\/p>\n","protected":false},"excerpt":{"rendered":"Cr\u00e9ditos da imagem: Divulga\u00e7\u00e3o O her\u00f3i\u00a0Homem-Aranha ganhar\u00e1 um novo alter-ego para chamar de seu nos pr\u00f3ximos quadrinhos da&hellip;\n","protected":false},"author":2,"featured_media":148497,"comment_status":"","ping_status":"","sticky":false,"template":"","format":"standard","meta":{"footnotes":""},"categories":[140],"tags":[114,115,147,148,146,32,33],"class_list":{"0":"post-148496","1":"post","2":"type-post","3":"status-publish","4":"format-standard","5":"has-post-thumbnail","7":"category-filmes","8":"tag-entertainment","9":"tag-entretenimento","10":"tag-film","11":"tag-filmes","12":"tag-movies","13":"tag-portugal","14":"tag-pt"},"share_on_mastodon":{"url":"https:\/\/pubeurope.com\/@pt\/115532999414713321","error":""},"_links":{"self":[{"href":"https:\/\/www.europesays.com\/pt\/wp-json\/wp\/v2\/posts\/148496","targetHints":{"allow":["GET"]}}],"collection":[{"href":"https:\/\/www.europesays.com\/pt\/wp-json\/wp\/v2\/posts"}],"about":[{"href":"https:\/\/www.europesays.com\/pt\/wp-json\/wp\/v2\/types\/post"}],"author":[{"embeddable":true,"href":"https:\/\/www.europesays.com\/pt\/wp-json\/wp\/v2\/users\/2"}],"replies":[{"embeddable":true,"href":"https:\/\/www.europesays.com\/pt\/wp-json\/wp\/v2\/comments?post=148496"}],"version-history":[{"count":0,"href":"https:\/\/www.europesays.com\/pt\/wp-json\/wp\/v2\/posts\/148496\/revisions"}],"wp:featuredmedia":[{"embeddable":true,"href":"https:\/\/www.europesays.com\/pt\/wp-json\/wp\/v2\/media\/148497"}],"wp:attachment":[{"href":"https:\/\/www.europesays.com\/pt\/wp-json\/wp\/v2\/media?parent=148496"}],"wp:term":[{"taxonomy":"category","embeddable":true,"href":"https:\/\/www.europesays.com\/pt\/wp-json\/wp\/v2\/categories?post=148496"},{"taxonomy":"post_tag","embeddable":true,"href":"https:\/\/www.europesays.com\/pt\/wp-json\/wp\/v2\/tags?post=148496"}],"curies":[{"name":"wp","href":"https:\/\/api.w.org\/{rel}","templated":true}]}}