{"id":148511,"date":"2025-11-11T20:56:13","date_gmt":"2025-11-11T20:56:13","guid":{"rendered":"https:\/\/www.europesays.com\/pt\/148511\/"},"modified":"2025-11-11T20:56:13","modified_gmt":"2025-11-11T20:56:13","slug":"avenida-brasil-jose-de-abreu-rejeita-sequencia-na-globo-11-11-2025-outro-canal","status":"publish","type":"post","link":"https:\/\/www.europesays.com\/pt\/148511\/","title":{"rendered":"Avenida Brasil: Jos\u00e9 de Abreu rejeita sequ\u00eancia na Globo &#8211; 11\/11\/2025 &#8211; Outro Canal"},"content":{"rendered":"<p>\n<strong class=\"c-signature__location\">Aracaju <\/strong>\n<\/p>\n<p>Int\u00e9rprete de Nilo, <a href=\"https:\/\/f5.folha.uol.com.br\/televisao\/2019\/10\/avenida-brasil-relembre-quatro-momentos-inesqueciveis-da-trama-que-retorna-na-segunda.shtml\" rel=\"nofollow noopener\" target=\"\">um dos personagens mais marcantes de &#8220;Avenida Brasil&#8221; (2012<\/a>), Jos\u00e9 de Abreu opinou sobre uma poss\u00edvel continua\u00e7\u00e3o da novela, algo estudado pela <a href=\"https:\/\/www1.folha.uol.com.br\/folha-topicos\/globo\/\" rel=\"nofollow noopener\" target=\"_blank\">Globo<\/a> para o hor\u00e1rio nobre em 2027. O ator diz que n\u00e3o acha vi\u00e1vel uma produ\u00e7\u00e3o do tipo.<\/p>\n<p>  <a href=\"https:\/\/f5.folha.uol.com.br\/colunistas\/outro-canal\/\" rel=\"nofollow noopener\" target=\"_blank\"><br \/>\n    <img decoding=\"async\" src=\"https:\/\/www.europesays.com\/pt\/wp-content\/uploads\/2025\/10\/172599691166e09f6f54fe2_1725996911_1x1_xs.jpg\" alt=\"Foto de Outro Canal\" class=\"img-responsive c-lazyload\"\/><\/p>\n<p>  <\/a><\/p>\n<p class=\"author__description\">\n    Cobre diariamente os bastidores das novelas, do telejornalismo e da m\u00eddia esportiva. Tem como titular o jornalista Gabriel Vaquer\n  <\/p>\n","protected":false},"excerpt":{"rendered":"Aracaju Int\u00e9rprete de Nilo, um dos personagens mais marcantes de &#8220;Avenida Brasil&#8221; (2012), Jos\u00e9 de Abreu opinou sobre&hellip;\n","protected":false},"author":2,"featured_media":148512,"comment_status":"","ping_status":"","sticky":false,"template":"","format":"standard","meta":{"footnotes":""},"categories":[142],"tags":[3940,18415,219,935,211,223,114,115,224,225,226,753,221,220,222,32470,15896,22164,2931,32,33,2566,218,228,151,227],"class_list":{"0":"post-148511","1":"post","2":"type-post","3":"status-publish","4":"format-standard","5":"has-post-thumbnail","7":"category-tv","8":"tag-adriana-esteves","9":"tag-avenida-brasil","10":"tag-bichos","11":"tag-canais-de-tv","12":"tag-celebridades","13":"tag-colunistas","14":"tag-entertainment","15":"tag-entretenimento","16":"tag-estranho","17":"tag-eu-amo","18":"tag-fofices","19":"tag-globo","20":"tag-horoscopo","21":"tag-humanos","22":"tag-humor","23":"tag-joo-emanuel-carneiro","24":"tag-jose-de-abreu","25":"tag-murilo-bencio","26":"tag-novela","27":"tag-portugal","28":"tag-pt","29":"tag-televiso","30":"tag-televisao","31":"tag-tudo","32":"tag-tv","33":"tag-videos"},"share_on_mastodon":{"url":"https:\/\/pubeurope.com\/@pt\/115533066189351905","error":""},"_links":{"self":[{"href":"https:\/\/www.europesays.com\/pt\/wp-json\/wp\/v2\/posts\/148511","targetHints":{"allow":["GET"]}}],"collection":[{"href":"https:\/\/www.europesays.com\/pt\/wp-json\/wp\/v2\/posts"}],"about":[{"href":"https:\/\/www.europesays.com\/pt\/wp-json\/wp\/v2\/types\/post"}],"author":[{"embeddable":true,"href":"https:\/\/www.europesays.com\/pt\/wp-json\/wp\/v2\/users\/2"}],"replies":[{"embeddable":true,"href":"https:\/\/www.europesays.com\/pt\/wp-json\/wp\/v2\/comments?post=148511"}],"version-history":[{"count":0,"href":"https:\/\/www.europesays.com\/pt\/wp-json\/wp\/v2\/posts\/148511\/revisions"}],"wp:featuredmedia":[{"embeddable":true,"href":"https:\/\/www.europesays.com\/pt\/wp-json\/wp\/v2\/media\/148512"}],"wp:attachment":[{"href":"https:\/\/www.europesays.com\/pt\/wp-json\/wp\/v2\/media?parent=148511"}],"wp:term":[{"taxonomy":"category","embeddable":true,"href":"https:\/\/www.europesays.com\/pt\/wp-json\/wp\/v2\/categories?post=148511"},{"taxonomy":"post_tag","embeddable":true,"href":"https:\/\/www.europesays.com\/pt\/wp-json\/wp\/v2\/tags?post=148511"}],"curies":[{"name":"wp","href":"https:\/\/api.w.org\/{rel}","templated":true}]}}