{"id":148517,"date":"2025-11-11T21:00:19","date_gmt":"2025-11-11T21:00:19","guid":{"rendered":"https:\/\/www.europesays.com\/pt\/148517\/"},"modified":"2025-11-11T21:00:19","modified_gmt":"2025-11-11T21:00:19","slug":"noticia-prefeitura-intensifica-acao-de-combate-a-dengue-em-regioes-com-alto-indice-de-infestacao","status":"publish","type":"post","link":"https:\/\/www.europesays.com\/pt\/148517\/","title":{"rendered":"Not\u00edcia &#8211; Prefeitura intensifica a\u00e7\u00e3o de combate \u00e0 dengue em regi\u00f5es com alto \u00edndice de infesta\u00e7\u00e3o"},"content":{"rendered":"<p>Equipes visitam vilas e \u00e1rea central para eliminar criadouros e orientar moradores<\/p>\n<p>A Prefeitura de Amambai, por meio do setor da Vigil\u00e2ncia em Sa\u00fade\/Controle de vetores, da Secretaria Municipal de Sa\u00fade, realizou nesta ter\u00e7a-feira (11), durante o dia todo, \u00a0uma a\u00e7\u00e3o intensiva de combate \u00e0 dengue na regi\u00e3o central da cidade, nas proximidades da Congrega\u00e7\u00e3o Crist\u00e3, e em diversas vilas com alto \u00edndice de infesta\u00e7\u00e3o do mosquito Aedes aegypti, transmissor da dengue, zika e chikungunya.<\/p>\n<p>A mobiliza\u00e7\u00e3o \u00e9 direcionada com base nos dados obtidos pelas ovitrampas, armadilhas utilizadas para monitorar a presen\u00e7a do mosquito, que indicaram maior concentra\u00e7\u00e3o de ovos em \u00e1reas espec\u00edficas.<\/p>\n<p>As equipes atuam com foco na orienta\u00e7\u00e3o, detec\u00e7\u00e3o e elimina\u00e7\u00e3o de criadouros, visitando resid\u00eancias e estabelecimentos nas vilas Nova Esperan\u00e7a, Xavier, Mendon\u00e7a, Alba e na regi\u00e3o Central.<\/p>\n<p>De acordo com a coordenadora de Vigil\u00e2ncia em Sa\u00fade, Sinthia Maciel, a a\u00e7\u00e3o tem sido eficaz na identifica\u00e7\u00e3o de diversos criadouros, que foram eliminados durante as visitas. No entanto, ela destaca que o principal desafio continua sendo a conscientiza\u00e7\u00e3o da popula\u00e7\u00e3o.<\/p>\n<p>\u201cEstamos em um per\u00edodo de chuva e calor, que torna o ambiente ainda mais prop\u00edcio para a prolifera\u00e7\u00e3o do Aedes aegypti. Por isso, \u00e9 fundamental que cada morador fa\u00e7a a sua parte, mantendo quintais limpos e evitando qualquer recipiente que possa acumular \u00e1gua\u201d, refor\u00e7ou Sinthia.<\/p>\n<p>A Prefeitura de Amambai segue intensificando as a\u00e7\u00f5es de preven\u00e7\u00e3o e pede o apoio da comunidade para eliminar todos os poss\u00edveis focos do mosquito, contribuindo para a sa\u00fade e bem-estar de todos.<\/p>\n<p>Fonte: Secom\/Prefeitura de Amambai<\/p>\n","protected":false},"excerpt":{"rendered":"Equipes visitam vilas e \u00e1rea central para eliminar criadouros e orientar moradores A Prefeitura de Amambai, por meio&hellip;\n","protected":false},"author":2,"featured_media":148518,"comment_status":"","ping_status":"","sticky":false,"template":"","format":"standard","meta":{"footnotes":""},"categories":[86],"tags":[25128,1300,116,5231,1133,32,3046,33,117],"class_list":{"0":"post-148517","1":"post","2":"type-post","3":"status-publish","4":"format-standard","5":"has-post-thumbnail","7":"category-saude","8":"tag-amambai","9":"tag-cidade","10":"tag-health","11":"tag-municipal","12":"tag-noticia","13":"tag-portugal","14":"tag-prefeitura","15":"tag-pt","16":"tag-saude"},"share_on_mastodon":{"url":"https:\/\/pubeurope.com\/@pt\/115533081673736359","error":""},"_links":{"self":[{"href":"https:\/\/www.europesays.com\/pt\/wp-json\/wp\/v2\/posts\/148517","targetHints":{"allow":["GET"]}}],"collection":[{"href":"https:\/\/www.europesays.com\/pt\/wp-json\/wp\/v2\/posts"}],"about":[{"href":"https:\/\/www.europesays.com\/pt\/wp-json\/wp\/v2\/types\/post"}],"author":[{"embeddable":true,"href":"https:\/\/www.europesays.com\/pt\/wp-json\/wp\/v2\/users\/2"}],"replies":[{"embeddable":true,"href":"https:\/\/www.europesays.com\/pt\/wp-json\/wp\/v2\/comments?post=148517"}],"version-history":[{"count":0,"href":"https:\/\/www.europesays.com\/pt\/wp-json\/wp\/v2\/posts\/148517\/revisions"}],"wp:featuredmedia":[{"embeddable":true,"href":"https:\/\/www.europesays.com\/pt\/wp-json\/wp\/v2\/media\/148518"}],"wp:attachment":[{"href":"https:\/\/www.europesays.com\/pt\/wp-json\/wp\/v2\/media?parent=148517"}],"wp:term":[{"taxonomy":"category","embeddable":true,"href":"https:\/\/www.europesays.com\/pt\/wp-json\/wp\/v2\/categories?post=148517"},{"taxonomy":"post_tag","embeddable":true,"href":"https:\/\/www.europesays.com\/pt\/wp-json\/wp\/v2\/tags?post=148517"}],"curies":[{"name":"wp","href":"https:\/\/api.w.org\/{rel}","templated":true}]}}