{"id":148521,"date":"2025-11-11T21:04:09","date_gmt":"2025-11-11T21:04:09","guid":{"rendered":"https:\/\/www.europesays.com\/pt\/148521\/"},"modified":"2025-11-11T21:04:09","modified_gmt":"2025-11-11T21:04:09","slug":"irmao-rob-padre-bob-viagem-aos-eua-seguindo-os-passos-de-robert-francis-prevost","status":"publish","type":"post","link":"https:\/\/www.europesays.com\/pt\/148521\/","title":{"rendered":"Irm\u00e3o \u201cRob\u201d, padre \u201cBob\u201d: viagem aos EUA seguindo os passos de Robert Francis Prevost"},"content":{"rendered":"<p>Um itiner\u00e1rio aos EUA, terra natal do Pont\u00edfice, entre vozes, imagens e testemunhos sobre a figura, a hist\u00f3ria, as ra\u00edzes, as rela\u00e7\u00f5es e a voca\u00e7\u00e3o daquele que, desde 8 de maio de 2025, guia a Igreja Cat\u00f3lica universal<\/p>\n<p><b>Salvatore Cernuzio &#8211; Enviado a Chicago<\/b><\/p>\n<p>\u201cRob\u201d, o irm\u00e3o. \u201cBob\u201d, o confrade. \u201cRobert\u201d, o amigo, o companheiro de estudos, de pequeniques e de manifesta\u00e7\u00f5es pelos direitos humanos. \u201cPrevost\u201d, o estudante inteligente, o mission\u00e1rio, o \u201cl\u00edder\u201d na condu\u00e7\u00e3o de uma da ordens religiosas mais difundidas no mundo. E, depois, \u201cLeo\u201d, o Papa. O Pont\u00edfice cuja elei\u00e7\u00e3o todos no Peru estavam convencidos de que aconteceria, enquanto na Am\u00e9rica tinham esperan\u00e7a, sim, mas acreditavam pouco, \u201cpor ser americano\u201d.<\/p>\n<p>Em sua terra natal, Chicago (Estados Unidos), Robert Francis Prevost sempre deixou uma marca nas pessoas que o encontraram, muito antes de se tornar Le\u00e3o XIV. M\u00e9rito de um tra\u00e7o humano educado, gentil, bastante reservado, n\u00e3o a ponto de impedi-lo de socializar e fazer novos amigos. Como aquela vez, em Beaubien Woods, o bosque a poucos quil\u00f4metros de sua casinha natal em Dolton, periferia de Chicago, onde se aventurou de bicicleta com o irm\u00e3o mais velho, Louis, encontrando uma gangue de rapazes que amea\u00e7ava espanc\u00e1-los.\u00a0<\/p>\n<p>\u201cRob disse: \u2018Deixa que eu falo com eles\u2019. Ele desceu, aproximou-se e, de algum modo, acalmou-os. Ali, ficaram&#8230; Amigos\u201d, recorda o pr\u00f3prio Louis, hoje morador da Fl\u00f3rida e em contato todas as noites com o ilustre irm\u00e3o e o irm\u00e3o do meio, John \u2013 dito Jay -, por videochamada. [\u201cGeralmente ficamos de 15 a 20 minutos ao celular, s\u00f3 para contar aquilo que estamos fazendo, o que ele est\u00e1 fazendo\u201d].\u00a0<\/p>\n<p>    <img decoding=\"async\" src=\"data:image\/gif;base64,R0lGODlhAQABAIAAAAAAAP\/\/\/yH5BAEAAAAALAAAAAABAAEAAAIBRAA7\" data-original=\"https:\/\/www.vaticannews.va\/content\/dam\/vaticannews\/multimedia\/2025\/novembre\/10\/Leo-5.jpg\/_jcr_content\/renditions\/cq5dam.thumbnail.cropped.750.422.jpeg\" alt=\"Padre Robert no dia de sua ordena\u00e7\u00e3o \" title=\"Padre Robert no dia de sua ordena\u00e7\u00e3o \"\/><\/p>\n<p>\n   Padre Robert no dia de sua ordena\u00e7\u00e3o\n  <\/p>\n<p>Di\u00e1logo, confronto e amizade\u00a0 <\/p>\n<p>Uma hist\u00f3ria da inf\u00e2ncia que n\u00e3o deseja demonstrar, a todo o custo, uma singuralidade daquele que, desde 8 de maio, foi eleito Pont\u00edfice da Igreja universal, mas sim, ajudar a descobrir uma personalidade que, desde os primeiros anos de idade, mostrou-se propensa ao di\u00e1logo, ao confronto, \u00e0 amizade. Para a amizade com confrades, com casais e fam\u00edlias, tamb\u00e9m com um pastor luterano \u2013 John Snider de Mine\u00e1polis \u2013 que, quando n\u00e3o ia com ele ao cinema ver The Blues Brothers, passava os jantares para \u201ccolocar em discuss\u00e3o algumas das pr\u00e1ticas cat\u00f3licas\u201d.<\/p>\n<p>Todas essas caracter\u00edsticas do di\u00e1logo, do debate e da amizade, profundamente agostinianas. Voca\u00e7\u00e3o que o jovem \u201cBob\u201d [\u201cAgora \u00e9 Le\u00e3o, mas no meu cora\u00e7\u00e3o \u00e9 sempre Bob\u201d, dizem todos em Chicago], abra\u00e7ou nos anos de juventude e que foi o caminho sobre o qual movimentou os seus passos durante os estudos na Villanova University de Philadelphia\u00a0e na Catholic Theological Union di Chicago.\u00a0<\/p>\n<p>A \u201cEscolha\u201d <\/p>\n<p>\u201cEra respeitoso tanto com homens e mulheres, da mesma maneira. N\u00e3o havia d\u00favida de que estava concentrado na sua voca\u00e7\u00e3o, mas isso inclu\u00eda ter amigos muito queridos\u201d, conta Mary Donar-Reale, amiga de Prevost dos tempos da Villanova, colega n\u00e3o de curso, mas de viagens a Washington com o Pro-life group\u00a0(\u201cGrupo pr\u00f3-vida\u201d) para particiar da March for life (&#8220;Marcha pela vida&#8221;), a manifesta\u00e7\u00e3o em defesa da vida e de todos os direitos humanos. Aqueles dos quais padre Robert se fez promotor durante seus anos no Peru, onde escolheu partir ap\u00f3s um tr\u00e1gico incidente que reduziu sua miss\u00e3o agostiniana pela metade.<\/p>\n<p>Um momento divisor de \u00e1guas em sua vida: \u201cPoderia ensinar no semin\u00e1rio ou ter uma grande atribui\u00e7\u00e3o em uma diocese ou em uma arquidiocese\u201d, conta o agostoniano padre Tom MacCarthy, amigo de longa data. \u201cDepois de ter estudado por todo aquele tempo para obter o doutorado em direito can\u00f4nico, no fim, para onde foi? Aos pobres &#8230; Aos pobres, que precisam da prega\u00e7\u00e3o de Jesus\u201d.\u00a0<\/p>\n<p>    <img decoding=\"async\" src=\"data:image\/gif;base64,R0lGODlhAQABAIAAAAAAAP\/\/\/yH5BAEAAAAALAAAAAABAAEAAAIBRAA7\" data-original=\"https:\/\/www.vaticannews.va\/content\/dam\/vaticannews\/multimedia\/2025\/giugno\/20\/Immagine005.jpg\/_jcr_content\/renditions\/cq5dam.thumbnail.cropped.750.422.jpeg\" alt=\"Prevost durante os anos de miss\u00e3o no Peru\" title=\"Prevost durante os anos de miss\u00e3o no Peru\"\/><\/p>\n<p>\n   Prevost durante os anos de miss\u00e3o no Peru\n  <\/p>\n<p>Ao servi\u00e7o dos outros\u00a0 <\/p>\n<p>Uma escolha fruto tamb\u00e9m dos estudos em Doutrina Social da Igreja, mat\u00e9ria da qual ele sempre foi apaixonado, como recorda a irm\u00e3 Dianne Bergant, religiosa espirituosa docente do futuro Papa na CTU.<\/p>\n<p>\u201cOuvi sempre dizer que ele era um garoto muito devoto e que brincava de ser padre. Bem, eu tamb\u00e9m era uma garota muito devota e brincava de ser padre. N\u00e3o \u00e9 raro para as crian\u00e7as que tiveram uma educa\u00e7\u00e3o religiosa querer ser algo na Igreja. O que \u00e9 not\u00e1vel nele \u00e9 o modo em que utilizou aquilo que lhe foi dado por Deus, pela natureza. Como usou as decis\u00f5es que tomou. N\u00e3o foi levado para um pedestal, mas se colocou a servi\u00e7o de outras pessoas. Isso o tornou excepcional.&#8221;<\/p>\n<p>Hist\u00f3rias, anedotas, relatos, entrevistas, imagens dos anos de Le\u00e3o XIV nos EUA est\u00e3o todos contidos no document\u00e1rio \u201cLeo from Chicago\u201d, uma produ\u00e7\u00e3o do Dicast\u00e9rio para a Comunica\u00e7\u00e3o, estreado em 10 de novembro, nos canais da Rio Vaticana \u2013 Vatican News.\u00a0<\/p>\n<p>    <img decoding=\"async\" src=\"data:image\/gif;base64,R0lGODlhAQABAIAAAAAAAP\/\/\/yH5BAEAAAAALAAAAAABAAEAAAIBRAA7\" data-original=\"https:\/\/www.vaticannews.va\/content\/dam\/vaticannews\/multimedia\/2025\/novembre\/10\/Leo-2.jpg\/_jcr_content\/renditions\/cq5dam.thumbnail.cropped.750.422.jpeg\" alt=\"Algumas fotos do document\u00e1rio &quot;Leo from Chicago&quot;\" title=\"Algumas fotos do document\u00e1rio &quot;Leo from Chicago&quot;\"\/><\/p>\n<p>\n   Algumas fotos do document\u00e1rio &#8220;Leo from Chicago&#8221;\n  <\/p>\n<p>\u00a0<\/p>\n","protected":false},"excerpt":{"rendered":"Um itiner\u00e1rio aos EUA, terra natal do Pont\u00edfice, entre vozes, imagens e testemunhos sobre a figura, a hist\u00f3ria,&hellip;\n","protected":false},"author":2,"featured_media":148522,"comment_status":"","ping_status":"","sticky":false,"template":"","format":"standard","meta":{"footnotes":""},"categories":[50],"tags":[27,28,235,15,16,14,545,25,26,21,22,62,12,13,19,20,811,3395,23,24,4629,17,18,29,30,31,5598,63,64,65],"class_list":{"0":"post-148521","1":"post","2":"type-post","3":"status-publish","4":"format-standard","5":"has-post-thumbnail","7":"category-mundo","8":"tag-breaking-news","9":"tag-breakingnews","10":"tag-estados-unidos","11":"tag-featured-news","12":"tag-featurednews","13":"tag-headlines","14":"tag-igreja-catolica","15":"tag-latest-news","16":"tag-latestnews","17":"tag-main-news","18":"tag-mainnews","19":"tag-mundo","20":"tag-news","21":"tag-noticias","22":"tag-noticias-principais","23":"tag-noticiasprincipais","24":"tag-papa-leao-xiv","25":"tag-peru","26":"tag-principais-noticias","27":"tag-principaisnoticias","28":"tag-santa-se","29":"tag-top-stories","30":"tag-topstories","31":"tag-ultimas","32":"tag-ultimas-noticias","33":"tag-ultimasnoticias","34":"tag-vaticano","35":"tag-world","36":"tag-world-news","37":"tag-worldnews"},"share_on_mastodon":{"url":"","error":""},"_links":{"self":[{"href":"https:\/\/www.europesays.com\/pt\/wp-json\/wp\/v2\/posts\/148521","targetHints":{"allow":["GET"]}}],"collection":[{"href":"https:\/\/www.europesays.com\/pt\/wp-json\/wp\/v2\/posts"}],"about":[{"href":"https:\/\/www.europesays.com\/pt\/wp-json\/wp\/v2\/types\/post"}],"author":[{"embeddable":true,"href":"https:\/\/www.europesays.com\/pt\/wp-json\/wp\/v2\/users\/2"}],"replies":[{"embeddable":true,"href":"https:\/\/www.europesays.com\/pt\/wp-json\/wp\/v2\/comments?post=148521"}],"version-history":[{"count":0,"href":"https:\/\/www.europesays.com\/pt\/wp-json\/wp\/v2\/posts\/148521\/revisions"}],"wp:featuredmedia":[{"embeddable":true,"href":"https:\/\/www.europesays.com\/pt\/wp-json\/wp\/v2\/media\/148522"}],"wp:attachment":[{"href":"https:\/\/www.europesays.com\/pt\/wp-json\/wp\/v2\/media?parent=148521"}],"wp:term":[{"taxonomy":"category","embeddable":true,"href":"https:\/\/www.europesays.com\/pt\/wp-json\/wp\/v2\/categories?post=148521"},{"taxonomy":"post_tag","embeddable":true,"href":"https:\/\/www.europesays.com\/pt\/wp-json\/wp\/v2\/tags?post=148521"}],"curies":[{"name":"wp","href":"https:\/\/api.w.org\/{rel}","templated":true}]}}