{"id":148524,"date":"2025-11-11T21:07:11","date_gmt":"2025-11-11T21:07:11","guid":{"rendered":"https:\/\/www.europesays.com\/pt\/148524\/"},"modified":"2025-11-11T21:07:11","modified_gmt":"2025-11-11T21:07:11","slug":"filho-de-betty-grafstein-da-tiro-no-pe-jose-castelo-branco-pode-ter-motivos-para-sorrir-a-conta-de-roger-basile","status":"publish","type":"post","link":"https:\/\/www.europesays.com\/pt\/148524\/","title":{"rendered":"Filho de Betty Grafstein &#8216;d\u00e1 tiro no p\u00e9&#8217;? Jos\u00e9 Castelo Branco pode ter motivos para sorrir \u00e0 conta de Roger Basile"},"content":{"rendered":"<p data-end=\"788\" data-start=\"195\">Jos\u00e9 Castelo Branco encontra-se atualmente no meio de uma disputa judicial com o enteado Roger Basile, filho de Betty Grafstein. De acordo com not\u00edcias recentes, o socialite apresentou um invent\u00e1rio de bens alegadamente desaparecidos do apartamento em Manhattan que partilhou com Betty durante mais de tr\u00eas d\u00e9cadas, e exige a Roger a indemniza\u00e7\u00e3o de <strong data-end=\"717\" data-start=\"695\">3 milh\u00f5es de euros<\/strong> por furto ou abuso de confian\u00e7a.<\/p>\n<p data-end=\"788\" data-start=\"195\">O tema foi comentado no programa <strong><a href=\"https:\/\/tvi.iol.pt\/vmais\/programa\/v-fama\/66aa431ed34ea1acf26cda0d\" target=\"_blank\" rel=\"nofollow noopener\">V+ Fama<\/a><\/strong> no dia <strong data-end=\"1880\" data-start=\"1862\">10 de Novembro<\/strong>, onde se assinalou o facto de Jos\u00e9 poder finalmente \u201cdar a volta\u201d ao que descreve como perdas financeiras e patrimoniais.<\/p>\n<p data-end=\"1297\" data-start=\"790\">Segundo fontes medi\u00e1ticas, o processo concentra-se num conjunto de cerca de 155 pe\u00e7as &#8211; joias, obras de arte e objetos colecion\u00e1veis &#8211; cuja s\u00fabita falta foi formalmente comunicada.\u00a0Em paralelo, a justi\u00e7a norte-americana ter\u00e1 j\u00e1 autorizado Jos\u00e9 a aceder ao apartamento em Nova Iorque &#8211; parte fundamental da estrat\u00e9gia para recuperar os bens ou, pelo menos, garantir provas de que existiu reten\u00e7\u00e3o ou disposi\u00e7\u00e3o indevida dos ativos.\u00a0A ser verdade, Roger Basile poder\u00e1 ter &#8216;dado um tiro no p\u00e9&#8217;, j\u00e1 que ao ter impedido o padrasto de entrar na casa, \u00e0 qual s\u00f3 ele teve, entretanto, acesso, n\u00e3o haver\u00e1 forma de justificar a aus\u00eancia dos bens identificados.<\/p>\n<p>O que se sabe at\u00e9 agora <\/p>\n<p data-end=\"2169\" data-start=\"1329\">No in\u00edcio deste ano, foram v\u00e1rias as not\u00edcias que deram conta da disputa entre Jos\u00e9 Castelo Branco e o enteado. Quando Jos\u00e9 Castelo Branco tentou regressar \u00e0 casa que partilhou com Betty Grafstein durante mais de tr\u00eas d\u00e9cadas, o acesso foi-lhe impedido, e o caso foi para os tribunais americanos. Apesar de terem tamb\u00e9m havido rumores de que Roger Basile estaria a viver no mesmo, tal nunca chegou a ser confirmado.<\/p>\n<p data-end=\"2169\" data-start=\"1329\">Conforme divulgado, Roger acusa o padrasto de gerir mal os recursos ou de estar a usar privil\u00e9gios indevidos, enquanto Jos\u00e9 acusa o enteado de retirar sem autoriza\u00e7\u00e3o objetos da casa ou do esp\u00f3lio a que considera ter direito.<\/p>\n<p data-end=\"4465\" data-start=\"3856\">Em resumo, o que parecia mais um conflito familiar sobre patrim\u00f3nio transformou-se numa batalha legal intensa entre figuras medi\u00e1ticas &#8211; Jos\u00e9 Castelo Branco e Roger Basile &#8211; com o apartamento de Nova Iorque e dezenas de pe\u00e7as de valor elevado no centro da disputa. Jos\u00e9, ao apresentar a ac\u00e7\u00e3o e obter decis\u00f5es favor\u00e1veis, parece estar a ganhar terreno \u2014 da\u00ed a express\u00e3o de \u201cmotivos para sorrir\u201d. Para Roger, o momento poder\u00e1 revelar-se menos tranquilo do que parecia. Resta aos tribunais norte-americanos ou portugueses ditarem o desfecho \u2014 e \u00e0 opini\u00e3o p\u00fablica acompanhar com aten\u00e7\u00e3o os pr\u00f3ximos cap\u00edtulos.<\/p>\n","protected":false},"excerpt":{"rendered":"Jos\u00e9 Castelo Branco encontra-se atualmente no meio de uma disputa judicial com o enteado Roger Basile, filho de&hellip;\n","protected":false},"author":2,"featured_media":148525,"comment_status":"","ping_status":"","sticky":false,"template":"","format":"standard","meta":{"footnotes":""},"categories":[145],"tags":[73,72,3298,66,211,210,114,115,77,69,3297,75,71,67,32,33,32471,76,74,70,35,78,68],"class_list":{"0":"post-148524","1":"post","2":"type-post","3":"status-publish","4":"format-standard","5":"has-post-thumbnail","7":"category-celebridades","8":"tag-a-jornada","9":"tag-bate-bola","10":"tag-betty-grafstein","11":"tag-bom-dia-alegria","12":"tag-celebridades","13":"tag-celebrities","14":"tag-entertainment","15":"tag-entretenimento","16":"tag-estudio-estadio","17":"tag-fanaticos","18":"tag-jose-castelo-branco","19":"tag-livre-e-direto","20":"tag-nova-geracao","21":"tag-para-si","22":"tag-portugal","23":"tag-pt","24":"tag-roger-basile","25":"tag-segredos-do-prazer","26":"tag-segue-o-jogo","27":"tag-super-craques","28":"tag-transferencias","29":"tag-v-fama","30":"tag-var-aberto"},"share_on_mastodon":{"url":"https:\/\/pubeurope.com\/@pt\/115533109204743332","error":""},"_links":{"self":[{"href":"https:\/\/www.europesays.com\/pt\/wp-json\/wp\/v2\/posts\/148524","targetHints":{"allow":["GET"]}}],"collection":[{"href":"https:\/\/www.europesays.com\/pt\/wp-json\/wp\/v2\/posts"}],"about":[{"href":"https:\/\/www.europesays.com\/pt\/wp-json\/wp\/v2\/types\/post"}],"author":[{"embeddable":true,"href":"https:\/\/www.europesays.com\/pt\/wp-json\/wp\/v2\/users\/2"}],"replies":[{"embeddable":true,"href":"https:\/\/www.europesays.com\/pt\/wp-json\/wp\/v2\/comments?post=148524"}],"version-history":[{"count":0,"href":"https:\/\/www.europesays.com\/pt\/wp-json\/wp\/v2\/posts\/148524\/revisions"}],"wp:featuredmedia":[{"embeddable":true,"href":"https:\/\/www.europesays.com\/pt\/wp-json\/wp\/v2\/media\/148525"}],"wp:attachment":[{"href":"https:\/\/www.europesays.com\/pt\/wp-json\/wp\/v2\/media?parent=148524"}],"wp:term":[{"taxonomy":"category","embeddable":true,"href":"https:\/\/www.europesays.com\/pt\/wp-json\/wp\/v2\/categories?post=148524"},{"taxonomy":"post_tag","embeddable":true,"href":"https:\/\/www.europesays.com\/pt\/wp-json\/wp\/v2\/tags?post=148524"}],"curies":[{"name":"wp","href":"https:\/\/api.w.org\/{rel}","templated":true}]}}