{"id":148526,"date":"2025-11-11T21:10:09","date_gmt":"2025-11-11T21:10:09","guid":{"rendered":"https:\/\/www.europesays.com\/pt\/148526\/"},"modified":"2025-11-11T21:10:09","modified_gmt":"2025-11-11T21:10:09","slug":"as-imagens-exclusivas-do-quarto-secreto-de-ana-e-fabio-e-o-sinal-de-consentimento-que-deixou-liliana-em-brasa-secret-story","status":"publish","type":"post","link":"https:\/\/www.europesays.com\/pt\/148526\/","title":{"rendered":"As imagens exclusivas do quarto secreto de Ana e F\u00e1bio e o &#8220;sinal de consentimento&#8221; que deixou Liliana em brasa &#8211; Secret Story"},"content":{"rendered":"<p>No quarto secreto do Secret Story, para quebrar o gelo, a Voz prop\u00f5e v\u00e1rios desafios a F\u00e1bio e Ana. Depois de darem morangos \u00e0 boca um do outro e de F\u00e1bio fazer um cafun\u00e9 a Ana, passa uma m\u00fasica para os dois. Na casa, assim que se apercebe do que est\u00e1 a ouvir, Pedro n\u00e3o perde tempo em alertar Liliana que, por sua vez, tenta ouvir o que se passa do outro lado da parede. No quarto rosa, o clima entre In\u00eas e Dylan aquece e ouve-se a Voz a pedir para fazerem \u201co sinal de consentimento&#8221;. Liliana ouve na cozinha e fica em choque\u2026<\/p>\n<p><strong>Esta semana h\u00e1 cinco concorrentes em risco de abandonar a casa mais vigiada do Pa\u00eds no pr\u00f3ximo domingo.\u00a0<\/strong><\/p>\n<p>VOTE PARA SALVAR:<\/p>\n<p>ANA \u2013 761 20 20 01<br \/>ANA CRISTINA \u2013 761 20 20 02<br \/>DYLAN \u2013 761 20 20 07<br \/>LEANDRO \u2013 761 20 20 12<br \/>PEDRO &#8211; 761 20 20 18<\/p>\n<p><strong>Veja tamb\u00e9m: <a href=\"https:\/\/tvi.iol.pt\/secretstory\/inscricoes\/casa-dos-segredos\/e-destemido-e-adora-misterios-inscreva-se-aqui-no-proximo-secret-story\" rel=\"nofollow noopener\" target=\"_blank\">\u00c9 destemido e adora mist\u00e9rios? Inscreva-se aqui no pr\u00f3ximo Secret Story<\/a><\/strong><\/p>\n<p><a href=\"https:\/\/tvi.iol.pt\/secretstory\/aominuto\" rel=\"nofollow noopener\" target=\"_blank\">Acompanhe tudo o que se passa na casa mais vigiada do Pa\u00eds!<\/a><\/p>\n","protected":false},"excerpt":{"rendered":"No quarto secreto do Secret Story, para quebrar o gelo, a Voz prop\u00f5e v\u00e1rios desafios a F\u00e1bio e&hellip;\n","protected":false},"author":2,"featured_media":148527,"comment_status":"","ping_status":"","sticky":false,"template":"","format":"standard","meta":{"footnotes":""},"categories":[142],"tags":[6340,19374,19373,114,115,19082,19375,32,33,151],"class_list":{"0":"post-148526","1":"post","2":"type-post","3":"status-publish","4":"format-standard","5":"has-post-thumbnail","7":"category-tv","8":"tag-ana","9":"tag-confrontos-concorrentes","10":"tag-discussoes-secret-story","11":"tag-entertainment","12":"tag-entretenimento","13":"tag-fabio","14":"tag-polemicas","15":"tag-portugal","16":"tag-pt","17":"tag-tv"},"share_on_mastodon":{"url":"https:\/\/pubeurope.com\/@pt\/115533121300782704","error":""},"_links":{"self":[{"href":"https:\/\/www.europesays.com\/pt\/wp-json\/wp\/v2\/posts\/148526","targetHints":{"allow":["GET"]}}],"collection":[{"href":"https:\/\/www.europesays.com\/pt\/wp-json\/wp\/v2\/posts"}],"about":[{"href":"https:\/\/www.europesays.com\/pt\/wp-json\/wp\/v2\/types\/post"}],"author":[{"embeddable":true,"href":"https:\/\/www.europesays.com\/pt\/wp-json\/wp\/v2\/users\/2"}],"replies":[{"embeddable":true,"href":"https:\/\/www.europesays.com\/pt\/wp-json\/wp\/v2\/comments?post=148526"}],"version-history":[{"count":0,"href":"https:\/\/www.europesays.com\/pt\/wp-json\/wp\/v2\/posts\/148526\/revisions"}],"wp:featuredmedia":[{"embeddable":true,"href":"https:\/\/www.europesays.com\/pt\/wp-json\/wp\/v2\/media\/148527"}],"wp:attachment":[{"href":"https:\/\/www.europesays.com\/pt\/wp-json\/wp\/v2\/media?parent=148526"}],"wp:term":[{"taxonomy":"category","embeddable":true,"href":"https:\/\/www.europesays.com\/pt\/wp-json\/wp\/v2\/categories?post=148526"},{"taxonomy":"post_tag","embeddable":true,"href":"https:\/\/www.europesays.com\/pt\/wp-json\/wp\/v2\/tags?post=148526"}],"curies":[{"name":"wp","href":"https:\/\/api.w.org\/{rel}","templated":true}]}}