{"id":148544,"date":"2025-11-11T21:24:09","date_gmt":"2025-11-11T21:24:09","guid":{"rendered":"https:\/\/www.europesays.com\/pt\/148544\/"},"modified":"2025-11-11T21:24:09","modified_gmt":"2025-11-11T21:24:09","slug":"ana-cristina-pedro-e-liliana-entram-em-desacatos-queres-aparecer-figura-de-vitima-secret-story","status":"publish","type":"post","link":"https:\/\/www.europesays.com\/pt\/148544\/","title":{"rendered":"Ana Cristina, Pedro e Liliana entram em desacatos: \u00abQueres aparecer! Figura de v\u00edtima\u00bb &#8211; Secret Story"},"content":{"rendered":"<p>No \u00a0Secret Story, Ana Cristina confronta Pedro por n\u00e3o ter participado no seu coro. Pedro argumenta que a colega n\u00e3o o chamou, mas \u00e9 acusado tanto por ela como por Liliana de se fazer de v\u00edtima. Instala-se uma grande discuss\u00e3o entre Pedro e Liliana em que os dois se insultam ao ponto de a concorrente abandonar a conversa. No confession\u00e1rio, Liliana diz que vai cortar rela\u00e7\u00f5es com Pedro.<\/p>\n<p><strong>Esta semana h\u00e1 cinco concorrentes em risco de abandonar a casa mais vigiada do Pa\u00eds no pr\u00f3ximo domingo.\u00a0<\/strong><\/p>\n<p>VOTE PARA SALVAR:<\/p>\n<p>ANA \u2013 761 20 20 01<br \/>ANA CRISTINA \u2013 761 20 20 02<br \/>DYLAN \u2013 761 20 20 07<br \/>LEANDRO \u2013 761 20 20 12<br \/>PEDRO &#8211; 761 20 20 18<\/p>\n<p>Veja tamb\u00e9m: <a href=\"https:\/\/tvi.iol.pt\/secretstory\/inscricoes\/casa-dos-segredos\/e-destemido-e-adora-misterios-inscreva-se-aqui-no-proximo-secret-story\" rel=\"nofollow noopener\" target=\"_blank\">\u00c9 destemido e adora mist\u00e9rios? Inscreva-se aqui no pr\u00f3ximo Secret Story<\/a><\/p>\n<p><strong><a href=\"https:\/\/tvi.iol.pt\/secretstory\/aominuto\" rel=\"nofollow noopener\" target=\"_blank\">Acompanhe tudo o que se passa na casa mais vigiada do Pa\u00eds!<\/a><\/strong><\/p>\n","protected":false},"excerpt":{"rendered":"No \u00a0Secret Story, Ana Cristina confronta Pedro por n\u00e3o ter participado no seu coro. Pedro argumenta que a&hellip;\n","protected":false},"author":2,"featured_media":148545,"comment_status":"","ping_status":"","sticky":false,"template":"","format":"standard","meta":{"footnotes":""},"categories":[142],"tags":[19725,19374,19373,114,115,19016,14646,19375,32,33,151],"class_list":{"0":"post-148544","1":"post","2":"type-post","3":"status-publish","4":"format-standard","5":"has-post-thumbnail","7":"category-tv","8":"tag-ana-cristina","9":"tag-confrontos-concorrentes","10":"tag-discussoes-secret-story","11":"tag-entertainment","12":"tag-entretenimento","13":"tag-liliana","14":"tag-pedro","15":"tag-polemicas","16":"tag-portugal","17":"tag-pt","18":"tag-tv"},"share_on_mastodon":{"url":"https:\/\/pubeurope.com\/@pt\/115533176904667253","error":""},"_links":{"self":[{"href":"https:\/\/www.europesays.com\/pt\/wp-json\/wp\/v2\/posts\/148544","targetHints":{"allow":["GET"]}}],"collection":[{"href":"https:\/\/www.europesays.com\/pt\/wp-json\/wp\/v2\/posts"}],"about":[{"href":"https:\/\/www.europesays.com\/pt\/wp-json\/wp\/v2\/types\/post"}],"author":[{"embeddable":true,"href":"https:\/\/www.europesays.com\/pt\/wp-json\/wp\/v2\/users\/2"}],"replies":[{"embeddable":true,"href":"https:\/\/www.europesays.com\/pt\/wp-json\/wp\/v2\/comments?post=148544"}],"version-history":[{"count":0,"href":"https:\/\/www.europesays.com\/pt\/wp-json\/wp\/v2\/posts\/148544\/revisions"}],"wp:featuredmedia":[{"embeddable":true,"href":"https:\/\/www.europesays.com\/pt\/wp-json\/wp\/v2\/media\/148545"}],"wp:attachment":[{"href":"https:\/\/www.europesays.com\/pt\/wp-json\/wp\/v2\/media?parent=148544"}],"wp:term":[{"taxonomy":"category","embeddable":true,"href":"https:\/\/www.europesays.com\/pt\/wp-json\/wp\/v2\/categories?post=148544"},{"taxonomy":"post_tag","embeddable":true,"href":"https:\/\/www.europesays.com\/pt\/wp-json\/wp\/v2\/tags?post=148544"}],"curies":[{"name":"wp","href":"https:\/\/api.w.org\/{rel}","templated":true}]}}