{"id":148566,"date":"2025-11-11T21:46:08","date_gmt":"2025-11-11T21:46:08","guid":{"rendered":"https:\/\/www.europesays.com\/pt\/148566\/"},"modified":"2025-11-11T21:46:08","modified_gmt":"2025-11-11T21:46:08","slug":"imprensa-inglesa-aponta-zinedine-zidane-a-tubarao-da-premier-league","status":"publish","type":"post","link":"https:\/\/www.europesays.com\/pt\/148566\/","title":{"rendered":"Imprensa inglesa aponta Zin\u00e9dine Zidane a tubar\u00e3o da Premier League"},"content":{"rendered":"<p>&#8211; Advertisement &#8211;<\/p>\n<p><strong>Zin\u00e9dine Zidane pode deixar de estar fora do ativo. O t\u00e9cnico franc\u00eas est\u00e1 disposto a aceitar o desafio de orientar o Liverpool.<\/strong><\/p>\n<p>Zin\u00e9dine Zidane est\u00e1 dispon\u00edvel para orientar o Liverpool. De acordo com a Sky Sport, o t\u00e9cnico est\u00e1 mesmo interessado em rumar ao Anfield, de maneira a suceder a Arne Slot, que n\u00e3o est\u00e1 a ter dos melhores come\u00e7os de temporada.<\/p>\n<p>Zin\u00e9dine Zidane tem 53 anos e encontra-se livre no mercado desde 2021, ano em que deixou o Real Madrid. Est\u00e1 a ser fortemente associado \u00e0 sele\u00e7\u00e3o francesa, ap\u00f3s o Mundial 2026, <a href=\"https:\/\/bolanarede.pt\/especial-bola-na-rede\/atualidade\/franca-confirma-saida-de-didier-deschamps-apos-o-mundial-2026\/\" target=\"_blank\" rel=\"noreferrer noopener nofollow\">j\u00e1 que Didier Deschamps se encontra de sa\u00edda do comando da equipa<\/a>.<\/p>\n<p>O Liverpool encontra-se na oitava posi\u00e7\u00e3o da Premier League, com 18 pontos somados em 11 jornadas.<\/p>\n","protected":false},"excerpt":{"rendered":"&#8211; Advertisement &#8211; Zin\u00e9dine Zidane pode deixar de estar fora do ativo. O t\u00e9cnico franc\u00eas est\u00e1 disposto a&hellip;\n","protected":false},"author":2,"featured_media":148567,"comment_status":"","ping_status":"","sticky":false,"template":"","format":"standard","meta":{"footnotes":""},"categories":[87],"tags":[260,135,208,960,32,666,33,134,25981],"class_list":{"0":"post-148566","1":"post","2":"type-post","3":"status-publish","4":"format-standard","5":"has-post-thumbnail","7":"category-desporto","8":"tag-atualidade","9":"tag-desporto","10":"tag-franca","11":"tag-liverpool","12":"tag-portugal","13":"tag-premier-league","14":"tag-pt","15":"tag-sports","16":"tag-zinedine-zidane"},"share_on_mastodon":{"url":"https:\/\/pubeurope.com\/@pt\/115533262612966246","error":""},"_links":{"self":[{"href":"https:\/\/www.europesays.com\/pt\/wp-json\/wp\/v2\/posts\/148566","targetHints":{"allow":["GET"]}}],"collection":[{"href":"https:\/\/www.europesays.com\/pt\/wp-json\/wp\/v2\/posts"}],"about":[{"href":"https:\/\/www.europesays.com\/pt\/wp-json\/wp\/v2\/types\/post"}],"author":[{"embeddable":true,"href":"https:\/\/www.europesays.com\/pt\/wp-json\/wp\/v2\/users\/2"}],"replies":[{"embeddable":true,"href":"https:\/\/www.europesays.com\/pt\/wp-json\/wp\/v2\/comments?post=148566"}],"version-history":[{"count":0,"href":"https:\/\/www.europesays.com\/pt\/wp-json\/wp\/v2\/posts\/148566\/revisions"}],"wp:featuredmedia":[{"embeddable":true,"href":"https:\/\/www.europesays.com\/pt\/wp-json\/wp\/v2\/media\/148567"}],"wp:attachment":[{"href":"https:\/\/www.europesays.com\/pt\/wp-json\/wp\/v2\/media?parent=148566"}],"wp:term":[{"taxonomy":"category","embeddable":true,"href":"https:\/\/www.europesays.com\/pt\/wp-json\/wp\/v2\/categories?post=148566"},{"taxonomy":"post_tag","embeddable":true,"href":"https:\/\/www.europesays.com\/pt\/wp-json\/wp\/v2\/tags?post=148566"}],"curies":[{"name":"wp","href":"https:\/\/api.w.org\/{rel}","templated":true}]}}