{"id":148617,"date":"2025-11-11T22:36:09","date_gmt":"2025-11-11T22:36:09","guid":{"rendered":"https:\/\/www.europesays.com\/pt\/148617\/"},"modified":"2025-11-11T22:36:09","modified_gmt":"2025-11-11T22:36:09","slug":"astrologa-revela-novembro-traz-novidades-para-quatros-signos","status":"publish","type":"post","link":"https:\/\/www.europesays.com\/pt\/148617\/","title":{"rendered":"Astr\u00f3loga revela: novembro traz novidades para quatros signos"},"content":{"rendered":"<p>J\u00e1 sabemos que signos podem ter mais desafios este m\u00eas. Tamb\u00e9m descobrimos que alguns t\u00eam a oportunidade de se expandir e, agora, chegou o momento de sabermos para quem o m\u00eas traz novidades. Arminda Mestre, astr\u00f3loga, explicou tudo \u00e0 VERSA.\u00a0<\/p>\n<p>Carneiro (21 de mar\u00e7o a 19 de abril)<\/p>\n<p>Segundo a astr\u00f3loga, novembro tem uma &#8220;energia intensa&#8221;. &#8220;\u00c9 um per\u00edodo para intuir o momento certo para agir&#8221;, em que os nativos deste signo devem ter &#8220;aten\u00e7\u00e3o \u00e0s negocia\u00e7\u00f5es e evitar impulsos desnecess\u00e1rios, nos relacionamentos as emo\u00e7\u00f5es podem ficar ao rubro, a entrega e abertura do cora\u00e7\u00e3o \u00e9 o passo certo&#8221;. &#8220;Pensar antes de agir ser\u00e1 a melhor escolha e poder\u00e1 conquistar melhores resultados.&#8221;<\/p>\n<p>&#8220;Cuidado com a troca de ideias&#8221;, explica. Devem ser &#8220;mais estrategas nos seus objetivos e, como se costuma dizer, se a palavra \u00e9 de prata o silencio \u00e9 de ouro&#8221;.<\/p>\n<p>Balan\u00e7a (23 de setembro a 22 de outubro) <\/p>\n<p>\u00c9 o m\u00eas certo para fazer algumas &#8220;revis\u00f5es em rela\u00e7\u00e3o aos projetos que t\u00eam em m\u00e3os&#8221;. Devem &#8220;aproveitar a segunda quinzena &#8211; com Merc\u00fario retr\u00f3grado &#8211; para ter certas conversas pendentes, escutar e clarificar tudo aquilo que for preciso&#8221;.<\/p>\n<p>J\u00e1 &#8220;as palavras ganham for\u00e7a&#8221;. \u00c9 importante ter &#8220;cuidado com o tom&#8221; e, ao mesmo tempo, &#8220;defender as ideias&#8221;. &#8220;Nos relacionamentos pode ser bom retomar contactos para fortalecer os la\u00e7os&#8221;. Devem estar atentos &#8220;aos seus valores e refletir sobre o que precisa de mudan\u00e7a&#8221;. Recomenda ainda que no trabalho &#8220;usem os seus talentos para as negocia\u00e7\u00f5es e novos projetos&#8221;.<\/p>\n<p>Escorpi\u00e3o (22 de outubro a 21 de novembro) <\/p>\n<p>&#8220;Com o planeta V\u00e9nus a entrar neste signo&#8221;, a partir da segunda semana de novembro, &#8220;o magnetismo aumenta e acentua o desejo de conex\u00f5es profundas&#8221;. Devem &#8220;valorizar o que \u00e9 mais aut\u00eantico&#8221; e, na segunda quinzena, estarem mais focados &#8220;no campo material, com &#8220;especial aten\u00e7\u00e3o \u00e0s finan\u00e7as, a compras por impulso e neg\u00f3cios precipitados&#8221;.<\/p>\n<p>J\u00e1 &#8220;as conversas dif\u00edceis podem servir para colocar limites e revis\u00f5es de valores quer financeiros quer pessoais. O planeamento \u00e9 a arma secreta&#8221;.\u00a0<\/p>\n<p>Aqu\u00e1rio (20 de janeiro a 19 de de fevereiro) <\/p>\n<p>Durante a primeira quinzena do m\u00eas, o foco deve ser para &#8220;os grupos e amizades, encontros interessantes surgem&#8221;. &#8220;\u00c9 um bom momento para rever planos coletivos, mas Merc\u00fario retr\u00f3grado pede paci\u00eancia e devem certificar-se de que todos ouviram a mesma coisa&#8221;.<\/p>\n<p>Devem &#8220;mostrar o seu trabalho, valorizando a sua autenticidade e, nos relacionamentos amorosos, abrir o cora\u00e7\u00e3o&#8221;. \u00c9 importante apostar num &#8220;di\u00e1logo assertivo e evitar decis\u00f5es apressadas&#8221;.\u00a0 Recomenda que &#8220;a empatia e a escuta estejam presentes&#8221; ao longo do m\u00eas.\u00a0<\/p>\n","protected":false},"excerpt":{"rendered":"J\u00e1 sabemos que signos podem ter mais desafios este m\u00eas. Tamb\u00e9m descobrimos que alguns t\u00eam a oportunidade de&hellip;\n","protected":false},"author":2,"featured_media":106084,"comment_status":"","ping_status":"","sticky":false,"template":"","format":"standard","meta":{"footnotes":""},"categories":[85],"tags":[2469,1081,204,114,115,754,221,186,1079,32,33,2468,1078,1080],"class_list":{"0":"post-148617","1":"post","2":"type-post","3":"status-publish","4":"format-standard","5":"has-post-thumbnail","7":"category-entretenimento","8":"tag-astrologia","9":"tag-beleza","10":"tag-design","11":"tag-entertainment","12":"tag-entretenimento","13":"tag-gastronomia","14":"tag-horoscopo","15":"tag-lifestyle","16":"tag-moda","17":"tag-portugal","18":"tag-pt","19":"tag-signos","20":"tag-versa","21":"tag-viagens"},"share_on_mastodon":{"url":"https:\/\/pubeurope.com\/@pt\/115533459152670366","error":""},"_links":{"self":[{"href":"https:\/\/www.europesays.com\/pt\/wp-json\/wp\/v2\/posts\/148617","targetHints":{"allow":["GET"]}}],"collection":[{"href":"https:\/\/www.europesays.com\/pt\/wp-json\/wp\/v2\/posts"}],"about":[{"href":"https:\/\/www.europesays.com\/pt\/wp-json\/wp\/v2\/types\/post"}],"author":[{"embeddable":true,"href":"https:\/\/www.europesays.com\/pt\/wp-json\/wp\/v2\/users\/2"}],"replies":[{"embeddable":true,"href":"https:\/\/www.europesays.com\/pt\/wp-json\/wp\/v2\/comments?post=148617"}],"version-history":[{"count":0,"href":"https:\/\/www.europesays.com\/pt\/wp-json\/wp\/v2\/posts\/148617\/revisions"}],"wp:featuredmedia":[{"embeddable":true,"href":"https:\/\/www.europesays.com\/pt\/wp-json\/wp\/v2\/media\/106084"}],"wp:attachment":[{"href":"https:\/\/www.europesays.com\/pt\/wp-json\/wp\/v2\/media?parent=148617"}],"wp:term":[{"taxonomy":"category","embeddable":true,"href":"https:\/\/www.europesays.com\/pt\/wp-json\/wp\/v2\/categories?post=148617"},{"taxonomy":"post_tag","embeddable":true,"href":"https:\/\/www.europesays.com\/pt\/wp-json\/wp\/v2\/tags?post=148617"}],"curies":[{"name":"wp","href":"https:\/\/api.w.org\/{rel}","templated":true}]}}