{"id":148618,"date":"2025-11-11T22:42:08","date_gmt":"2025-11-11T22:42:08","guid":{"rendered":"https:\/\/www.europesays.com\/pt\/148618\/"},"modified":"2025-11-11T22:42:08","modified_gmt":"2025-11-11T22:42:08","slug":"quem-e-cesar-filho-apresentador-que-sofreu-grave-acidente-de-moto","status":"publish","type":"post","link":"https:\/\/www.europesays.com\/pt\/148618\/","title":{"rendered":"Quem \u00e9 C\u00e9sar Filho, apresentador que sofreu grave acidente de moto"},"content":{"rendered":"\n<p>O apresentador e locutor C\u00e9sar Filho passou por cirurgia nas pernas na manh\u00e3 desta segunda-feira (10), ap\u00f3s ter sofrido um grave <a href=\"https:\/\/www.tnh1.com.br\/noticia\/nid\/apresentador-sofre-acidente-grave-de-moto-e-fratura-pernas-braco-e-costela\/\" rel=\"noopener nofollow\" target=\"_blank\">acidente<\/a>, no Piau\u00ed. Ele estava de moto na PI-114 e quebrou as duas pernas e o bra\u00e7o direito, al\u00e9m de ter fraturado a costela. O filho dele, Juliano, informou ao g1 que o pai est\u00e1 est\u00e1vel e consciente.<\/p>\n<p>C\u00e9sar Filho, conhecido como C\u00e9sar Fire, se descreve como locutor, apresentador, dublador e mestre de cerim\u00f4nias nas redes sociais. No Instagram, onde divulga seus trabalhos como locutor para diferentes estabelecimentos, ele acumula quase 11 mil seguidores.<\/p>\n<p>No \u00faltimo dia 9 de julho, contou nessa mesma rede que havia passado por uma cirurgia depois de separar a briga entre seus cachorros, um Rottweiler e um Pastor Alem\u00e3o. &#8220;Estou me sentindo o Homem de Ferro&#8221;, brincou Fire na web.<\/p>\n<p>No \u00faltimo domingo (9), o locutor estava com um grupo de motoqueiros. N\u00e3o h\u00e1 mais informa\u00e7\u00f5es sobre o que teria causado o acidente. De acordo com seu filho, ele n\u00e3o se lembra de tudo do epis\u00f3dio.<\/p>\n<blockquote class=\"citacao\"><p>&#8220;Ele n\u00e3o conseguiu se manter na curva, basicamente ele perdeu o controle&#8221;, disse Juliano, tamb\u00e9m afirmando: &#8220;Foi um acidente que poderia ter sido muito pior e n\u00e3o foi, a gente deu muita sorte&#8221;.<\/p><\/blockquote>\n","protected":false},"excerpt":{"rendered":"O apresentador e locutor C\u00e9sar Filho passou por cirurgia nas pernas na manh\u00e3 desta segunda-feira (10), ap\u00f3s ter&hellip;\n","protected":false},"author":2,"featured_media":148619,"comment_status":"","ping_status":"","sticky":false,"template":"","format":"standard","meta":{"footnotes":""},"categories":[145],"tags":[59,6973,32480,211,210,4790,32487,32486,114,115,32489,1135,32481,10092,32488,6778,32484,32482,32490,28726,32,33,7206,32483,32485],"class_list":{"0":"post-148618","1":"post","2":"type-post","3":"status-publish","4":"format-standard","5":"has-post-thumbnail","7":"category-celebridades","8":"tag-acidente","9":"tag-apresentador","10":"tag-braco","11":"tag-celebridades","12":"tag-celebrities","13":"tag-cesar-filho","14":"tag-cesar-fire","15":"tag-costela","16":"tag-entertainment","17":"tag-entretenimento","18":"tag-fire","19":"tag-grave","20":"tag-juliano","21":"tag-locutor","22":"tag-mestre-de-cerimonias","23":"tag-moto","24":"tag-motoqueiros","25":"tag-pernas","26":"tag-pi-114","27":"tag-piaui","28":"tag-portugal","29":"tag-pt","30":"tag-quem-e","31":"tag-rottweiler","32":"tag-sofreu"},"share_on_mastodon":{"url":"https:\/\/pubeurope.com\/@pt\/115533482758705307","error":""},"_links":{"self":[{"href":"https:\/\/www.europesays.com\/pt\/wp-json\/wp\/v2\/posts\/148618","targetHints":{"allow":["GET"]}}],"collection":[{"href":"https:\/\/www.europesays.com\/pt\/wp-json\/wp\/v2\/posts"}],"about":[{"href":"https:\/\/www.europesays.com\/pt\/wp-json\/wp\/v2\/types\/post"}],"author":[{"embeddable":true,"href":"https:\/\/www.europesays.com\/pt\/wp-json\/wp\/v2\/users\/2"}],"replies":[{"embeddable":true,"href":"https:\/\/www.europesays.com\/pt\/wp-json\/wp\/v2\/comments?post=148618"}],"version-history":[{"count":0,"href":"https:\/\/www.europesays.com\/pt\/wp-json\/wp\/v2\/posts\/148618\/revisions"}],"wp:featuredmedia":[{"embeddable":true,"href":"https:\/\/www.europesays.com\/pt\/wp-json\/wp\/v2\/media\/148619"}],"wp:attachment":[{"href":"https:\/\/www.europesays.com\/pt\/wp-json\/wp\/v2\/media?parent=148618"}],"wp:term":[{"taxonomy":"category","embeddable":true,"href":"https:\/\/www.europesays.com\/pt\/wp-json\/wp\/v2\/categories?post=148618"},{"taxonomy":"post_tag","embeddable":true,"href":"https:\/\/www.europesays.com\/pt\/wp-json\/wp\/v2\/tags?post=148618"}],"curies":[{"name":"wp","href":"https:\/\/api.w.org\/{rel}","templated":true}]}}