{"id":148622,"date":"2025-11-11T22:47:09","date_gmt":"2025-11-11T22:47:09","guid":{"rendered":"https:\/\/www.europesays.com\/pt\/148622\/"},"modified":"2025-11-11T22:47:09","modified_gmt":"2025-11-11T22:47:09","slug":"marvel-deve-manter-irmaos-russo-para-x-men-e-futuras-sagas-do-mcu","status":"publish","type":"post","link":"https:\/\/www.europesays.com\/pt\/148622\/","title":{"rendered":"Marvel deve manter Irm\u00e3os Russo para X-Men e futuras Sagas do MCU"},"content":{"rendered":"<p>  <img decoding=\"async\" src=\"https:\/\/cdn.ome.lt\/static\/omelete\/img\/loading.svg\" alt=\"\"\/><\/p>\n<p>  <img decoding=\"async\" class=\"article__cover__image\" data-lazy-src-mob=\"\/\/cdn.ome.lt\/YBI1K66p-Pn2h7j_utLS42QBOfc=\/570x0\/smart\/filters:format(webp)\/uploads\/conteudo\/fotos\/russo-brothers-final-exports-3-1280x720.jpg\" data-lazy-src=\"https:\/\/cdn.ome.lt\/2YAURA4l2FrNZFzfLzPD6Bkbff0=\/987x0\/smart\/filters:format(webp)\/uploads\/conteudo\/fotos\/russo-brothers-final-exports-3-1280x720.jpg\" src=\"data:image\/png;base64,iVBORw0KGgoAAAANSUhEUgAAAAEAAAABCAQAAAC1HAwCAAAAC0lEQVR42mNkYAAAAAYAAjCB0C8AAAAASUVORK5CYII=\" alt=\"Irm\u00e3os Russo\" title=\"Irm\u00e3os Russo\" width=\"987\" height=\"555\" fetchpriority=\"high\"\/><\/p>\n<p class=\"article__cover__credits\">\n  Cr\u00e9ditos da imagem:<br \/>\n  Reprodu\u00e7\u00e3o\n<\/p>\n<p>Segundo informa\u00e7\u00f5es do insider\u00a0<strong>Alex Perez<\/strong>, os\u00a0<strong>Irm\u00e3os Russo\u00a0<\/strong>devem continuar no\u00a0<strong>MCU\u00a0<\/strong>ap\u00f3s<a href=\"https:\/\/www.omelete.com.br\/busca?q=vingadores:+guerras+secretas\" rel=\"nofollow noopener\" target=\"_blank\">\u00a0<\/a><strong><a href=\"https:\/\/www.omelete.com.br\/busca?q=vingadores:+guerras+secretas\" rel=\"nofollow noopener\" target=\"_blank\">Vingadores: Guerras Secretas<\/a>\u00a0<\/strong>para ajudar a\u00a0<strong>Marvel\u00a0<\/strong>a montar a pr\u00f3xima grande saga do est\u00fadio.\u00a0<\/p>\n<p>O insider revelou as informa\u00e7\u00f5es durante uma rodada de perguntas e respostas do site<a href=\"https:\/\/thecosmiccircus.com\/alex-perez-november-qa-part-1-avengers-doomsday-secret-wars-blade-defenders-and-more\/\" rel=\"nofollow noopener\" target=\"_blank\">\u00a0<\/a><a href=\"https:\/\/thecosmiccircus.com\/alex-perez-november-qa-part-1-avengers-doomsday-secret-wars-blade-defenders-and-more\/\" rel=\"nofollow noopener\" target=\"_blank\">The Cosmic Circus<\/a>.\u00a0&#8220;Pelo que entendi, a Marvel est\u00e1 trazendo os irm\u00e3os Russo para participar do projeto p\u00f3s-Guerras Secretas como parte do famoso &#8220;Parlamento Marvel&#8221;, basicamente supervisionando a hist\u00f3ria geral da pr\u00f3xima saga. Isso porque eles querem evitar os erros cometidos com a Saga do Multiverso, quando tentaram ramificar a trama para muitos pontos diferentes e deixaram v\u00e1rios finais em aberto sem uma dire\u00e7\u00e3o clara.&#8221;<\/p>\n<p>            Continua depois da Publicidade<\/p>\n<p>&#8220;Tipo, a ideia principal da saga era basicamente introduzir o conceito de multiverso para que a Marvel pudesse experimentar e fazer coisas que nunca teria a chance de fazer se fosse apenas o seu universo principal j\u00e1 estabelecido. Eles queriam testar novos elementos e explorar novos cantos do MCU, enquanto ainda buscavam maneiras de relacion\u00e1-lo ao multiverso, para finalmente chegar a este ponto em que incurs\u00f5es est\u00e3o acontecendo no universo principal e o multiverso est\u00e1 prestes a acabar. E, claro, introduzir participa\u00e7\u00f5es especiais de her\u00f3is antigos aqui e ali&#8221;,\u00a0continua o insider.<\/p>\n<p>&#8220;Mas a COVID-19 afetou os planos deles; muitas discuss\u00f5es internas pressionaram a Marvel a lan\u00e7ar seu conte\u00fado meses e at\u00e9 anos antes de estarem prontos, e isso teve um efeito domin\u00f3 que resultou em uma trama catastr\u00f3fica, onde praticamente menos da metade dos projetos lan\u00e7ados nos \u00faltimos 5 anos s\u00e3o relevantes para o enredo geral da Saga do Multiverso,&#8221; explicou Perez.<\/p>\n<p>Ele ainda diz que a Marvel acredita que os Russos por terem experi\u00eancia em trabalhar com v\u00e1rios personagens em seus filmes, seriam uma boa adi\u00e7\u00e3o o que eles tem chamado de &#8220;A Saga Mutante&#8221;, que deve ser o pr\u00f3ximo grande arco do MCU, introduzindo os\u00a0<strong>X-Men<\/strong>.\u00a0<\/p>\n<p>    Tudo sobre\u00a0Vingadores: Doomsday<\/p>\n<p data-gtm-vis-first-on-screen67967661_30=\"1813\" data-gtm-vis-has-fired67967661_30=\"1\" data-gtm-vis-total-visible-time67967661_30=\"100\">A Marvel j\u00e1 confirmou os principais nomes do elenco do novo filme, em uma das maiores reuni\u00f5es de astros do MCU j\u00e1 realizada. Dos filmes anteriores de\u00a0Vingadores,\u00a0retornam:\u00a0Chris Hemsworth\u00a0como Thor, Anthony Mackie como Capit\u00e3o Am\u00e9rica, Sebastian Stan como Soldado Invernal, Paul Rudd como Homem-Formiga, Winston Duke como M&#8217;Baku e Letitia Wright.<\/p>\n<p>De personagens apresentados p\u00f3s-Vingadores: Ultimato\u00a0&#8211; nas fases 4 e 5 do MCU &#8211;\u00a0temos\u00a0Simu Liu\u00a0como Shang-Chi,\u00a0Danny Ramirez\u00a0como Falc\u00e3o, todo o novo\u00a0Quarteto Fant\u00e1stico\u00a0(Pedro Pascal\u00a0como Sr. Fant\u00e1stico,\u00a0Vanessa Kirby\u00a0como Mulher Invis\u00edvel,\u00a0Joseph Quinn\u00a0como Tocha Humana e\u00a0Ebon Moss-Bachrach\u00a0como o Coisa) e quase todo o elenco de\u00a0Thunderbolts* (Florence Pugh como Yelena, Wyatt Russell como Agente Americano, David Harbour como Guardi\u00e3o Vermelho, Hanah John-Kamen como Fantasma e Lewis Pullman como Bob, o Sentinela).<\/p>\n<p>            Continua depois da Publicidade<\/p>\n<p>Em uma live de an\u00fancio do elenco, houve tamb\u00e9m a grande surpresa do filme at\u00e9 aqui: o retorno dos X-Men cl\u00e1ssicos dos filmes da antiga Fox, incluindo Patrick Stewart\u00a0como Professor X,\u00a0Ian McKellen\u00a0como Magneto,\u00a0James Marsden\u00a0como Ciclope,\u00a0Alan Cumming\u00a0como Noturno,\u00a0Kelsey Grammer\u00a0como Fera,\u00a0Rebecca Romijn\u00a0como M\u00edstica e, apresentado em\u00a0Deadpool &amp; Wolverine,\u00a0Channing Tatum\u00a0como Gambit.<\/p>\n<p data-gtm-vis-first-on-screen67967661_30=\"55338\" data-gtm-vis-has-fired67967661_30=\"1\" data-gtm-vis-recent-on-screen67967661_30=\"55338\" data-gtm-vis-total-visible-time67967661_30=\"100\">O vil\u00e3o da hist\u00f3ria, enquanto isso, ser\u00e1 o Doutor Destino de Robert Downey Jr.\u00a0Vingadores: Doomsday\u00a0contar\u00e1 com dire\u00e7\u00e3o dos irm\u00e3os Anthony e Joe Russo (Ultimato), e roteiro de Michael Waldron (Loki) e\u00a0Stephen McFreely (Ultimato).<\/p>\n<p>            Continua depois da Publicidade<\/p>\n<p data-gtm-vis-first-on-screen67967661_30=\"55338\" data-gtm-vis-has-fired67967661_30=\"1\" data-gtm-vis-total-visible-time67967661_30=\"100\">A estreia de\u00a0Vingadores: Doomsday ficou para 18 de dezembro de 2026 no Brasil, preparando o terreno para Vingadores: Guerras Secretas\u00a0em 2027.<\/p>\n","protected":false},"excerpt":{"rendered":"Cr\u00e9ditos da imagem: Reprodu\u00e7\u00e3o Segundo informa\u00e7\u00f5es do insider\u00a0Alex Perez, os\u00a0Irm\u00e3os Russo\u00a0devem continuar no\u00a0MCU\u00a0ap\u00f3s\u00a0Vingadores: Guerras Secretas\u00a0para ajudar a\u00a0Marvel\u00a0a montar&hellip;\n","protected":false},"author":2,"featured_media":148623,"comment_status":"","ping_status":"","sticky":false,"template":"","format":"standard","meta":{"footnotes":""},"categories":[140],"tags":[114,115,147,148,146,32,33],"class_list":{"0":"post-148622","1":"post","2":"type-post","3":"status-publish","4":"format-standard","5":"has-post-thumbnail","7":"category-filmes","8":"tag-entertainment","9":"tag-entretenimento","10":"tag-film","11":"tag-filmes","12":"tag-movies","13":"tag-portugal","14":"tag-pt"},"share_on_mastodon":{"url":"https:\/\/pubeurope.com\/@pt\/115533502532970295","error":""},"_links":{"self":[{"href":"https:\/\/www.europesays.com\/pt\/wp-json\/wp\/v2\/posts\/148622","targetHints":{"allow":["GET"]}}],"collection":[{"href":"https:\/\/www.europesays.com\/pt\/wp-json\/wp\/v2\/posts"}],"about":[{"href":"https:\/\/www.europesays.com\/pt\/wp-json\/wp\/v2\/types\/post"}],"author":[{"embeddable":true,"href":"https:\/\/www.europesays.com\/pt\/wp-json\/wp\/v2\/users\/2"}],"replies":[{"embeddable":true,"href":"https:\/\/www.europesays.com\/pt\/wp-json\/wp\/v2\/comments?post=148622"}],"version-history":[{"count":0,"href":"https:\/\/www.europesays.com\/pt\/wp-json\/wp\/v2\/posts\/148622\/revisions"}],"wp:featuredmedia":[{"embeddable":true,"href":"https:\/\/www.europesays.com\/pt\/wp-json\/wp\/v2\/media\/148623"}],"wp:attachment":[{"href":"https:\/\/www.europesays.com\/pt\/wp-json\/wp\/v2\/media?parent=148622"}],"wp:term":[{"taxonomy":"category","embeddable":true,"href":"https:\/\/www.europesays.com\/pt\/wp-json\/wp\/v2\/categories?post=148622"},{"taxonomy":"post_tag","embeddable":true,"href":"https:\/\/www.europesays.com\/pt\/wp-json\/wp\/v2\/tags?post=148622"}],"curies":[{"name":"wp","href":"https:\/\/api.w.org\/{rel}","templated":true}]}}