{"id":148624,"date":"2025-11-11T22:48:11","date_gmt":"2025-11-11T22:48:11","guid":{"rendered":"https:\/\/www.europesays.com\/pt\/148624\/"},"modified":"2025-11-11T22:48:11","modified_gmt":"2025-11-11T22:48:11","slug":"hf-karlskrona-benfica-jogo-ehf-league-andebol","status":"publish","type":"post","link":"https:\/\/www.europesays.com\/pt\/148624\/","title":{"rendered":"HF Karlskrona Benfica Jogo EHF League Andebol"},"content":{"rendered":"<p>                            <strong>RESUMO DO JOGO<\/strong><\/p>\n<tr style=\"background-color: white; border-bottom: 1px solid white;\">\n<td style=\"font-weight: bold; font-size: 30px;\" colspan=\"2\">EHF European League<\/td>\n<\/tr>\n<tr>\n<td colspan=\"2\">Grupo E<br \/>3.\u00aa jornada<\/td>\n<\/tr>\n<tr>\n<td style=\"padding: 10px 0; background-color: #f2f2f2!important;\" colspan=\"2\"><strong>RESULTADO FINAL<br \/>INT: 18-18<\/strong><\/td>\n<\/tr>\n<tr>\n<td style=\"font-size: 20px;\"><strong>HF Karlskrona<\/strong><\/td>\n<td style=\"border-right: 1px solid #f4f4f4; font-size: 55px;\"><strong>32<\/strong><\/td>\n<\/tr>\n<tr class=\"red\">\n<td style=\"font-size: 20px;\"><strong>Benfica<\/strong><\/td>\n<td style=\"border-right: 1px solid #f4f4f4; font-size: 55px;\"><strong>34<\/strong><\/td>\n<\/tr>\n<p>Nesta ter\u00e7a-feira, 11 de novembro, em partida da 3.\u00aa jornada do Grupo E da EHF European League, o <a href=\"https:\/\/www.slbenfica.pt\/pt-pt\/modalidades\/andebol\" rel=\"nofollow noopener\" target=\"_blank\"><strong>Benfica<\/strong><\/a> venceu no reduto dos suecos do HF Karlskrona, por 32-34, e deixou o apuramento para a fase seguinte bem encaminhado.<\/p>\n<p>A <strong>1.\u00aa parte<\/strong> foi palco de um jogo desgarrado \u00e0 boleia das <strong>quatro exclus\u00f5es<\/strong> para cada lado. Aproveitando as respetivas <strong>superioridades num\u00e9ricas<\/strong>, Benfica e HF Karlskrona apostaram em diversas situa\u00e7\u00f5es de empty goal e <strong>alternaram no comando do marcador<\/strong>.<\/p>\n<p>Perto do intervalo, os anfitri\u00f5es beneficiaram da maior vantagem na partida at\u00e9 a\u00ed <strong>(17-15)<\/strong>, mas, com uma <strong>jogada desenhada num timeout pedido por Jota Gonz\u00e1lez e finalizada por Pau Oliveras<\/strong>, as \u00e1guias conseguiram <strong>restabelecer a igualdade (18-18)<\/strong> antes da buzina soar para o descanso.<\/p>\n<p>Os suecos entraram bem na 2.\u00aa parte, com uma defesa agressiva e um contra-ataque letal, mas o <strong>Benfica acertou as marca\u00e7\u00f5es e deu in\u00edcio a uma grande rea\u00e7\u00e3o<\/strong>.<\/p>\n<p>Com <strong>Rangel da Rosa<\/strong> <strong>em evid\u00eancia na baliza<\/strong> e a sociedade formada por <strong>Miguel S\u00e1nchez e Alejandro Barbeito endiabrados no ataque<\/strong>, o Benfica transformou um <strong>22-20 num 22-27<\/strong> e parecia bem encaminhado para fechar a partida, mas a <strong>montanha-russa de emo\u00e7\u00f5es<\/strong> voltou \u00e0 Brinova Arena.<\/p>\n<p>Beneficiando de algumas precipita\u00e7\u00f5es dos encarnados no ataque, o HF Karlskrona conseguiu reentrar no jogo e, no <strong>derradeiro minuto<\/strong>, o marcador registava um <strong>32-33<\/strong>. No entanto,<strong> fintando a press\u00e3o alta<\/strong> do advers\u00e1rio, as \u00e1guias conseguiram colocar a bola em <strong>Christopher Hedberg<\/strong>, que mostrou <strong>efic\u00e1cia<\/strong> para apontar o <strong>32-34<\/strong> e sentenciar uma vit\u00f3ria bastante celebrada pelos jogadores.<\/p>\n<p>Somada a <strong>2.\u00aa vit\u00f3ria em 3 jornadas<\/strong> do Grupo E da EHF European League, o <strong>Benfica<\/strong> regressa \u00e0s competi\u00e7\u00f5es internas \u00e0s <strong>19h00<\/strong> do pr\u00f3ximo <strong>s\u00e1bado<\/strong>, <strong>15 de novembro<\/strong>, com a visita ao reduto do FC Porto, na <strong>11.\u00aa jornada da 1.\u00aa fase do Campeonato Nacional<\/strong>.<\/p>\n<p><img decoding=\"async\" src=\"https:\/\/www.europesays.com\/pt\/wp-content\/uploads\/2025\/11\/jota-gonzalez-1-thumbnail.jpg\" alt=\"Jota Gonz\u00e1lez\" height=\"522px\" width=\"926px\"\/><\/p>\n<p><strong>DECLARA\u00c7\u00d5ES<\/strong><\/p>\n<p><strong>Jota Gonz\u00e1lez (treinador do Benfica):<\/strong> &#8220;Acho que foi um jogo que se complicou bastante. Um jogo em que perdemos muitas vezes a bola no ataque, e foi isso que fez com que, apesar do empenho e do trabalho dos jogadores, n\u00e3o consegu\u00edssemos alcan\u00e7ar uma vantagem um pouco mais confort\u00e1vel. Mas s\u00e3o dois pontos muito importantes num campo muito dif\u00edcil. Ganhar fora, na Europa, \u00e9 sempre muito complicado e quero dar nota 10 ao esfor\u00e7o dos jogadores, tendo em conta que somos poucos. Nesse sentido, agrade\u00e7o a todos pelo que deram no campo.&#8221;<\/p>\n<p><img decoding=\"async\" src=\"https:\/\/www.europesays.com\/pt\/wp-content\/uploads\/2025\/11\/ander-izquierdo-thumbnail.jpg\" alt=\"HF Karlskrona-Benfica\" height=\"522px\" width=\"926px\"\/><\/p>\n<tr>\n<td style=\"background-color: #f2f2f2!important;\" colspan=\"3\"><strong>EHF European League | 3.\u00aa jornada (Grupo E) | 11\/11\/2025<\/strong><\/td>\n<\/tr>\n<tr style=\"background-color: #ffffff;\">\n<td style=\"font-size: 25px !important; font-weight: 500; padding: 0 0 20px;\" colspan=\"3\">HF Karlskrona-Benfica<br \/>32-34<br \/>Brinova Arena<\/td>\n<\/tr>\n<tr>\n<td style=\"background-color: #f2f2f2!important;\" colspan=\"3\"><strong>Forma\u00e7\u00e3o inicial do Benfica<\/strong><\/td>\n<\/tr>\n<tr>\n<td style=\"padding: 15px 20px;\" colspan=\"3\">Rangel da Rosa, Miguel S\u00e1nchez, Christopher Hedberg, Ander Izquierdo, Pau Oliveras, El Korchi e Javi Rodr\u00edguez<\/td>\n<\/tr>\n<tr>\n<td style=\"background-color: #f2f2f2!important;\" colspan=\"3\"><strong>Suplentes<\/strong><\/td>\n<\/tr>\n<tr>\n<td style=\"padding: 15px 20px;\" colspan=\"3\">Gustavo Capdeville, Gabriel Cavalcanti, Miguel Mendes, Stiven Valencia, Alejandro Barbeito, F\u00e1bio Silva, Alexis Borges, Edijeso Quaresma e Reinier Taboada<\/td>\n<\/tr>\n<tr>\n<td style=\"background-color: #f2f2f2!important;\" colspan=\"3\"><strong>Treinador do Benfica<\/strong><\/td>\n<\/tr>\n<tr>\n<td style=\"padding: 15px 20px;\" colspan=\"3\">Jota Gonz\u00e1lez<\/td>\n<\/tr>\n<tr>\n<td style=\"background-color: #f2f2f2!important;\" colspan=\"3\"><strong>Forma\u00e7\u00e3o inicial do HF Karlskrona<\/strong><\/td>\n<\/tr>\n<tr>\n<td style=\"padding: 15px 20px;\" colspan=\"3\">Uros Tomic, Jonathan Andersson, Albin Stenberg, Noah Martinsson, Arn\u00f3r Vidarsson, Isak Larsson e Filip Psajd<\/td>\n<\/tr>\n<tr>\n<td style=\"background-color: #f2f2f2!important;\" colspan=\"3\"><strong>Suplentes<\/strong><\/td>\n<\/tr>\n<tr>\n<td style=\"padding: 15px 20px;\" colspan=\"3\">Melvin Hildingsson, Emil Arthursson, William Eskengren, Luka Sotra, Hugo Sivertsson, Karl J\u00f6nsson, Emil Hansson e Tobias Nordahl<\/td>\n<\/tr>\n<tr>\n<td style=\"border-right: 1px solid #f4f4f4;\" colspan=\"2\"><strong>Ao intervalo<\/strong><\/td>\n<td colspan=\"1\">18-18<\/td>\n<\/tr>\n<tr>\n<td style=\"background-color: #f2f2f2!important;\" colspan=\"3\"><strong>Marcadores do Benfica<\/strong><\/td>\n<\/tr>\n<tr>\n<td style=\"padding: 15px 20px;\" colspan=\"3\">Miguel S\u00e1nchez (7), Alejandro Barbeito (5), Christopher Hedberg (4), Pau Oliveras (4), F\u00e1bio Silva (4), Ander Izquierdo (4), Javi Rodr\u00edguez (4), Gabriel Cavalcanti (1) e Stiven Valencia (1)<\/td>\n<\/tr>\n","protected":false},"excerpt":{"rendered":"RESUMO DO JOGO EHF European League Grupo E3.\u00aa jornada RESULTADO FINALINT: 18-18 HF Karlskrona 32 Benfica 34 Nesta&hellip;\n","protected":false},"author":2,"featured_media":148625,"comment_status":"","ping_status":"","sticky":false,"template":"","format":"standard","meta":{"footnotes":""},"categories":[87],"tags":[135,32,33,134],"class_list":{"0":"post-148624","1":"post","2":"type-post","3":"status-publish","4":"format-standard","5":"has-post-thumbnail","7":"category-desporto","8":"tag-desporto","9":"tag-portugal","10":"tag-pt","11":"tag-sports"},"share_on_mastodon":{"url":"https:\/\/pubeurope.com\/@pt\/115533506467844171","error":""},"_links":{"self":[{"href":"https:\/\/www.europesays.com\/pt\/wp-json\/wp\/v2\/posts\/148624","targetHints":{"allow":["GET"]}}],"collection":[{"href":"https:\/\/www.europesays.com\/pt\/wp-json\/wp\/v2\/posts"}],"about":[{"href":"https:\/\/www.europesays.com\/pt\/wp-json\/wp\/v2\/types\/post"}],"author":[{"embeddable":true,"href":"https:\/\/www.europesays.com\/pt\/wp-json\/wp\/v2\/users\/2"}],"replies":[{"embeddable":true,"href":"https:\/\/www.europesays.com\/pt\/wp-json\/wp\/v2\/comments?post=148624"}],"version-history":[{"count":0,"href":"https:\/\/www.europesays.com\/pt\/wp-json\/wp\/v2\/posts\/148624\/revisions"}],"wp:featuredmedia":[{"embeddable":true,"href":"https:\/\/www.europesays.com\/pt\/wp-json\/wp\/v2\/media\/148625"}],"wp:attachment":[{"href":"https:\/\/www.europesays.com\/pt\/wp-json\/wp\/v2\/media?parent=148624"}],"wp:term":[{"taxonomy":"category","embeddable":true,"href":"https:\/\/www.europesays.com\/pt\/wp-json\/wp\/v2\/categories?post=148624"},{"taxonomy":"post_tag","embeddable":true,"href":"https:\/\/www.europesays.com\/pt\/wp-json\/wp\/v2\/tags?post=148624"}],"curies":[{"name":"wp","href":"https:\/\/api.w.org\/{rel}","templated":true}]}}