{"id":148626,"date":"2025-11-11T22:49:11","date_gmt":"2025-11-11T22:49:11","guid":{"rendered":"https:\/\/www.europesays.com\/pt\/148626\/"},"modified":"2025-11-11T22:49:11","modified_gmt":"2025-11-11T22:49:11","slug":"prefeitura-da-inicio-a-semana-de-prevencao-ao-diabetes","status":"publish","type":"post","link":"https:\/\/www.europesays.com\/pt\/148626\/","title":{"rendered":"Prefeitura d\u00e1 in\u00edcio \u00e0 Semana de Preven\u00e7\u00e3o ao Diabetes"},"content":{"rendered":"<p>Com foco nas necessidades dos estudantes com diabetes, a Prefeitura de Manaus, por meio da Secretaria Municipal de Educa\u00e7\u00e3o (Semed), realizou, nesta ter\u00e7a-feira, 11\/11, o \u201cCiclo de Palestras sobre Diabetes\u201d, na rede municipal. A a\u00e7\u00e3o faz parte da Semana de Preven\u00e7\u00e3o ao Diabetes, que ocorrer\u00e1 nas escolas da rede municipal de Manaus.<\/p>\n<p>O objetivo \u00e9 sensibilizar sobre os cuidados, adapta\u00e7\u00f5es e a\u00e7\u00f5es de acolhimento que garantam um ambiente escolar mais inclusivo, seguro e saud\u00e1vel para todos os alunos. A palestra aconteceu no audit\u00f3rio da Semed, localizado na avenida Macei\u00f3, zona Centro-Sul, e contou com a participa\u00e7\u00e3o de subsecret\u00e1rio, diretores de setores da Semed e comunidade escolar.<\/p>\n<p>A a\u00e7\u00e3o conta com o apoio da Divis\u00e3o de Apoio \u00e0 Gest\u00e3o Escolar (Dage) e da Ger\u00eancia de Atividades Complementares e Programas Especiais (Gacpe) da Semed, em parceria com a Secretaria Municipal de Sa\u00fade (Semsa), por meio do Programa Sa\u00fade na Escola (PSE), no \u00e2mbito do Programa \u201cMinha Escola Saud\u00e1vel\u201d, e em conformidade com a Lei n\u00ba 2.443, de 29 de maio de 2019, que institui a Semana de Preven\u00e7\u00e3o e Combate ao Diabetes nas escolas da rede municipal de Manaus.<\/p>\n<p>Na ocasi\u00e3o, o subsecret\u00e1rio de Gest\u00e3o Escolar da Semed, professor Dalmir Salazar, destacou que a educa\u00e7\u00e3o em sa\u00fade deve ser cont\u00ednua e integrada \u00e0s pr\u00e1ticas pedag\u00f3gicas, especialmente por se tratar de uma doen\u00e7a que pode afetar o desempenho e o bem-estar dos alunos. \u201cPromover h\u00e1bitos alimentares saud\u00e1veis e incentivar a pr\u00e1tica de atividades f\u00edsicas s\u00e3o atitudes fundamentais para prevenir o diabetes e melhorar a qualidade de vida das nossas crian\u00e7as e adolescentes\u201d, pontuou o subsecret\u00e1rio.<\/p>\n<p>Durante a programa\u00e7\u00e3o, os participantes acompanharam uma palestra ministrada por uma m\u00e9dica pediatra, seguida pelas apresenta\u00e7\u00f5es de uma nutricionista e de um profissional de Educa\u00e7\u00e3o F\u00edsica. A presen\u00e7a desses especialistas foi essencial para oferecer uma abordagem integrada sobre diabetes, contemplando desde os cuidados m\u00e9dicos at\u00e9 a import\u00e2ncia de uma alimenta\u00e7\u00e3o equilibrada e da pr\u00e1tica regular de atividades f\u00edsicas no controle da doen\u00e7a.<\/p>\n<p>A m\u00e9dica pediatra da Semsa, Jackeline Alves, destacou a import\u00e2ncia da parceria entre a Semsa e a Semed. \u201cO programa existe desde 2021 e leva para as escolas a\u00e7\u00f5es de preven\u00e7\u00e3o, orienta\u00e7\u00e3o e acompanhamento sobre doen\u00e7as como o diabetes e a obesidade. Essa parceria \u00e9 essencial, porque a escola \u00e9 um espa\u00e7o de aprendizado e tamb\u00e9m de forma\u00e7\u00e3o de h\u00e1bitos\u201d, explicou a m\u00e9dica.<\/p>\n<p>De acordo com o diretor da Divis\u00e3o de Apoio \u00e0 Gest\u00e3o Escolar (Dage) da Semed, Luiz Oliveira, \u00e9 fundamental que a pasta realize a\u00e7\u00f5es voltadas \u00e0 conscientiza\u00e7\u00e3o durante a Semana de Preven\u00e7\u00e3o e Combate ao Diabetes nas escolas municipais da capital. \u201cHoje realizamos uma a\u00e7\u00e3o importante na Semed, reunindo alunos, pais e gestores para compartilhar informa\u00e7\u00f5es sobre preven\u00e7\u00e3o e controle do diabetes\u201d, afirmou o diretor.<\/p>\n<p><strong>Diabetes mellitus<\/strong><\/p>\n<p><strong><br \/><\/strong>O diabetes mellitus \u00e9 uma condi\u00e7\u00e3o cr\u00f4nica caracterizada pelo aumento dos n\u00edveis de glicose (a\u00e7\u00facar) no sangue, decorrente de uma defici\u00eancia na produ\u00e7\u00e3o ou na a\u00e7\u00e3o da insulina, horm\u00f4nio respons\u00e1vel por regular o metabolismo da glicose no organismo.<\/p>\n<p>Entre os principais tipos da doen\u00e7a, destacam-se: diabetes tipo 1, geralmente se manifesta na inf\u00e2ncia ou adolesc\u00eancia e est\u00e1 associado a fatores autoimunes, que levam o organismo a atacar as c\u00e9lulas produtoras de insulina; diabetes tipo 2, o tipo mais comum, frequentemente relacionado a fatores de risco como sobrepeso, alimenta\u00e7\u00e3o inadequada e sedentarismo.<\/p>\n<p>No dia 14, haver\u00e1 a\u00e7\u00f5es envolvendo toda a rede municipal, com atividades f\u00edsicas, l\u00fadicas, entre outros, e no domingo, dia 16, ser\u00e1 realizada a 1\u00aa Caminhada Azul, a partir das 7h30, na avenida Get\u00falio Vargas, Centro.<\/p>\n<p><strong>Compartilhe Sa\u00fade<\/strong><\/p>\n<p>Uma cartilha foi elaborada pela equipe Semed para informar e conscientizar sobre o diabetes. O objetivo \u00e9 compartilhar com toda a comunidade escolar e ajudar a promover o bem-estar e a preven\u00e7\u00e3o.<\/p>\n<p>A cartilha: \u201cDiabetes Mellitus nas Escolas\u201d pode ser acessada pelo site da Semed: <a href=\"https:\/\/acesse.one\/cartilhadiabetesmellitus\" rel=\"nofollow noopener\" target=\"_blank\">https:\/\/acesse.one\/cartilhadiabetesmellitus<\/a>.<\/p>\n<p>\u2014 \u2014- \u2014-\u00a0<br \/><strong>Texto \u2013 <\/strong>Thalia Rodrigues\/Semed<br \/><strong>Fotos \u2013<\/strong> Eliton Santos\/Semed<\/p>\n","protected":false},"excerpt":{"rendered":"Com foco nas necessidades dos estudantes com diabetes, a Prefeitura de Manaus, por meio da Secretaria Municipal de&hellip;\n","protected":false},"author":2,"featured_media":148627,"comment_status":"","ping_status":"","sticky":false,"template":"","format":"standard","meta":{"footnotes":""},"categories":[86],"tags":[32491,32492,116,32,3243,33,117,21903,32493],"class_list":{"0":"post-148626","1":"post","2":"type-post","3":"status-publish","4":"format-standard","5":"has-post-thumbnail","7":"category-saude","8":"tag-ciclo-de-palestras-sobre-diabetes","9":"tag-acoes-semana-de-prevencao-ao-diabetes","10":"tag-health","11":"tag-portugal","12":"tag-prefeitura-de-manaus","13":"tag-pt","14":"tag-saude","15":"tag-semed","16":"tag-sensibilizacao"},"share_on_mastodon":{"url":"https:\/\/pubeurope.com\/@pt\/115533510374053494","error":""},"_links":{"self":[{"href":"https:\/\/www.europesays.com\/pt\/wp-json\/wp\/v2\/posts\/148626","targetHints":{"allow":["GET"]}}],"collection":[{"href":"https:\/\/www.europesays.com\/pt\/wp-json\/wp\/v2\/posts"}],"about":[{"href":"https:\/\/www.europesays.com\/pt\/wp-json\/wp\/v2\/types\/post"}],"author":[{"embeddable":true,"href":"https:\/\/www.europesays.com\/pt\/wp-json\/wp\/v2\/users\/2"}],"replies":[{"embeddable":true,"href":"https:\/\/www.europesays.com\/pt\/wp-json\/wp\/v2\/comments?post=148626"}],"version-history":[{"count":0,"href":"https:\/\/www.europesays.com\/pt\/wp-json\/wp\/v2\/posts\/148626\/revisions"}],"wp:featuredmedia":[{"embeddable":true,"href":"https:\/\/www.europesays.com\/pt\/wp-json\/wp\/v2\/media\/148627"}],"wp:attachment":[{"href":"https:\/\/www.europesays.com\/pt\/wp-json\/wp\/v2\/media?parent=148626"}],"wp:term":[{"taxonomy":"category","embeddable":true,"href":"https:\/\/www.europesays.com\/pt\/wp-json\/wp\/v2\/categories?post=148626"},{"taxonomy":"post_tag","embeddable":true,"href":"https:\/\/www.europesays.com\/pt\/wp-json\/wp\/v2\/tags?post=148626"}],"curies":[{"name":"wp","href":"https:\/\/api.w.org\/{rel}","templated":true}]}}