{"id":148634,"date":"2025-11-11T23:01:13","date_gmt":"2025-11-11T23:01:13","guid":{"rendered":"https:\/\/www.europesays.com\/pt\/148634\/"},"modified":"2025-11-11T23:01:13","modified_gmt":"2025-11-11T23:01:13","slug":"isabelle-fuhrman-retorna-como-esther-em-novo-video-de-a-orfa-3-confira-cinepop-com-br","status":"publish","type":"post","link":"https:\/\/www.europesays.com\/pt\/148634\/","title":{"rendered":"Isabelle Fuhrman retorna como Esther em novo v\u00eddeo de \u2018A \u00d3rf\u00e3 3\u2019; Confira! &#8211; cinepop.com.br"},"content":{"rendered":"<ol>\n<li><a href=\"https:\/\/news.google.com\/rss\/articles\/CBMiowFBVV95cUxOLWpHck5jbDg2S2FQbEU5c2xpbVA5ZC1rMVczT0FXUWxYQ29tSHljVFIxR2wzVWFUank3aHpOUHFtVjhteFhDRXZ6OFhGcVZ2NEV2YmlqRFQ4a0V0amlwaWtRSGUxbzNaZVJEQ2lQbUczUy1tUGtHR2VnVnN1MkVkMXc1VDdXTFQxUUd3c2lSeVRGWDB3UE9BVnFPZWs1RjM2ZTNR?oc=5\" target=\"_blank\" rel=\"nofollow noopener\">Isabelle Fuhrman retorna como Esther em novo v\u00eddeo de \u2018A \u00d3rf\u00e3 3\u2019; Confira!<\/a>&nbsp;&nbsp;cinepop.com.br<\/li>\n<li><a href=\"https:\/\/news.google.com\/rss\/articles\/CBMiZEFVX3lxTE9TZnE1bmlPb3pKWEhPUUh6ampqUDJFNlBnU3VkNUwtRnBqaEpYSlVFeWdqdFZCR1l0UjVSNkE0SERHaXlueDVsUkpiVXFZek1EYVdBYk4waWNWOGFpR0RnWmdRREM?oc=5\" target=\"_blank\" rel=\"nofollow noopener\">Quando estreia \u2018A \u00d3rf\u00e3 3\u2019?<\/a>&nbsp;&nbsp;cinepop.com.br<\/li>\n<li><a href=\"https:\/\/news.google.com\/rss\/articles\/CBMieEFVX3lxTFBQZ0VhLXFJcjBDaXZGbWVBT29uSU9SMFVUTFVGaWRwdFVXd0NqTGdDVTFhbUZOdkItS3RzNU9UZkVUaGozY3ZJVnUyMnBldWFLRVZNN0JWWkphVm56M2xERF9mbTVpdUZPMmJKZ2Q3Q0p6Y2FLbm5SedIBfkFVX3lxTE9sUl9pSEJCMmlCOE1qR1pfaGM0cEpMTlM0R18tUzhMd1M3ZUVBY0JuTVpHUHhpamMzLXFYVmN2dThXcmFqV3dCR1ZISU8yaW5uM1FMd3ptVWx3WXR0LWJtbTh4RE5sREZvSGRXNURhcjhLSVRMaHBHUklKRnFwZw?oc=5\" target=\"_blank\" rel=\"nofollow noopener\">Isabelle Fuhrman mostra seu visual em A \u00d3rf\u00e3 3<\/a>&nbsp;&nbsp;O V\u00edcio<\/li>\n<li><a href=\"https:\/\/news.google.com\/rss\/articles\/CBMiiwFBVV95cUxPc0hKandNeDBUYjRncm5LRU12MS1xUEptalk5TW5mbFhCWVJuMVJVcnVidmRGZENMWmMyTTJRWnJ1Z2x3dExGbDJlZ29jSVZEU0VmVi01bE5oX29ZUkU2ZEk2akZQcFRYWFVaVDB3MHFPVGZsVVpnYjlCS2dueWk2MzkwYVFocTBGRFRr?oc=5\" target=\"_blank\" rel=\"nofollow noopener\">A \u00d3rf\u00e3 | Terceiro filme da franquia inicia filmagens<\/a>&nbsp;&nbsp;A Prov\u00edncia do Par\u00e1<\/li>\n<li><a href=\"https:\/\/news.google.com\/rss\/articles\/CBMid0FVX3lxTE5oQ1pZanlqNVNybUpaMHltNzloQ2FiSkg4c0lQRlBPM2FGeGszSjVxMmxsS1VfZWNfcTVHeHZibnRCSHoxaWdPbDBFY0hNX1BPR2htUWhfUDdrci0zY1duVGwwNl9jRkhEeTROdWYzWmUwZFFYaHdv?oc=5\" target=\"_blank\" rel=\"nofollow noopener\">&#8220;O \u00d3rf\u00e3 3&#8221; come\u00e7a oficialmente as filmagens<\/a>&nbsp;&nbsp;R\u00e1dio Mix FM<\/li>\n<\/ol>\n","protected":false},"excerpt":{"rendered":"Isabelle Fuhrman retorna como Esther em novo v\u00eddeo de \u2018A \u00d3rf\u00e3 3\u2019; Confira!&nbsp;&nbsp;cinepop.com.br Quando estreia \u2018A \u00d3rf\u00e3 3\u2019?&nbsp;&nbsp;cinepop.com.br&hellip;\n","protected":false},"author":2,"featured_media":144952,"comment_status":"","ping_status":"","sticky":false,"template":"","format":"standard","meta":{"footnotes":""},"categories":[140],"tags":[114,115,147,148,146,32,33],"class_list":{"0":"post-148634","1":"post","2":"type-post","3":"status-publish","4":"format-standard","5":"has-post-thumbnail","7":"category-filmes","8":"tag-entertainment","9":"tag-entretenimento","10":"tag-film","11":"tag-filmes","12":"tag-movies","13":"tag-portugal","14":"tag-pt"},"share_on_mastodon":{"url":"https:\/\/pubeurope.com\/@pt\/115533558120482212","error":""},"_links":{"self":[{"href":"https:\/\/www.europesays.com\/pt\/wp-json\/wp\/v2\/posts\/148634","targetHints":{"allow":["GET"]}}],"collection":[{"href":"https:\/\/www.europesays.com\/pt\/wp-json\/wp\/v2\/posts"}],"about":[{"href":"https:\/\/www.europesays.com\/pt\/wp-json\/wp\/v2\/types\/post"}],"author":[{"embeddable":true,"href":"https:\/\/www.europesays.com\/pt\/wp-json\/wp\/v2\/users\/2"}],"replies":[{"embeddable":true,"href":"https:\/\/www.europesays.com\/pt\/wp-json\/wp\/v2\/comments?post=148634"}],"version-history":[{"count":0,"href":"https:\/\/www.europesays.com\/pt\/wp-json\/wp\/v2\/posts\/148634\/revisions"}],"wp:featuredmedia":[{"embeddable":true,"href":"https:\/\/www.europesays.com\/pt\/wp-json\/wp\/v2\/media\/144952"}],"wp:attachment":[{"href":"https:\/\/www.europesays.com\/pt\/wp-json\/wp\/v2\/media?parent=148634"}],"wp:term":[{"taxonomy":"category","embeddable":true,"href":"https:\/\/www.europesays.com\/pt\/wp-json\/wp\/v2\/categories?post=148634"},{"taxonomy":"post_tag","embeddable":true,"href":"https:\/\/www.europesays.com\/pt\/wp-json\/wp\/v2\/tags?post=148634"}],"curies":[{"name":"wp","href":"https:\/\/api.w.org\/{rel}","templated":true}]}}