{"id":148639,"date":"2025-11-11T23:04:10","date_gmt":"2025-11-11T23:04:10","guid":{"rendered":"https:\/\/www.europesays.com\/pt\/148639\/"},"modified":"2025-11-11T23:04:10","modified_gmt":"2025-11-11T23:04:10","slug":"raquel-tillo-e-ines-marques-lucas-estao-noivas","status":"publish","type":"post","link":"https:\/\/www.europesays.com\/pt\/148639\/","title":{"rendered":"Raquel Tillo e In\u00eas Marques Lucas est\u00e3o noivas"},"content":{"rendered":"<p data-remotead-prev-elm=\"true\" data-remotead-elm-id=\"inread\">&#8220;Sim. Sim. Sim.&#8221; Foi de forma inequ\u00edvoca que a atriz Raquel Tillo, de 32 anos, e a cantora In\u00eas Marques Lucas, com 27, revelaram, nas redes sociais, que est\u00e3o noivas. O momento foi partilhado esta segunda-feira, 10 de novembro, com imagens do momento, um pedido de casamento concretizado \u00e0 beira-mar e que surge quatro anos depois de estarem juntas, o que aconteceu em 2021.<\/p>\n<p>O momento emotivo rapidamente recolheu felicita\u00e7\u00f5es por parte de m\u00faltiplas figuras p\u00fablicas entre elas as atrizes J\u00falia Palha, Benedita Pereira, Sara Norte, Beatriz Barosa, Madalena Brand\u00e3o,Matilde Breyner e Kelly Bailey e apresentadoras como Maria Botelho Moniz e Raquel Strada.<\/p>\n<p>Recorde-se que Raquel Tillo tinha j\u00e1 subido ao altar em 2016, com Craig Clayton, mas a rela\u00e7\u00e3o terminaria tempos depois. O contacto com In\u00eas Marques Lucas surgiu na pandemia, quando a atriz criou, no Instagram, em tempo de pandemia e \u00e0 dist\u00e2ncia, o projeto de talentos e humor chamado Gayla, no qual reunia artistas como In\u00eas Aires Pereira, Rui Maria P\u00eago, Manuel Moreira e In\u00eas Marques Lucas.<\/p>\n","protected":false},"excerpt":{"rendered":"&#8220;Sim. Sim. Sim.&#8221; Foi de forma inequ\u00edvoca que a atriz Raquel Tillo, de 32 anos, e a cantora&hellip;\n","protected":false},"author":2,"featured_media":148640,"comment_status":"","ping_status":"","sticky":false,"template":"","format":"standard","meta":{"footnotes":""},"categories":[85],"tags":[1435,20491,114,115,32277,2188,32,33,10072],"class_list":{"0":"post-148639","1":"post","2":"type-post","3":"status-publish","4":"format-standard","5":"has-post-thumbnail","7":"category-entretenimento","8":"tag-casamento","9":"tag-delas","10":"tag-entertainment","11":"tag-entretenimento","12":"tag-ines-marques-lucas","13":"tag-noivas","14":"tag-portugal","15":"tag-pt","16":"tag-raquel-tillo"},"share_on_mastodon":{"url":"https:\/\/pubeurope.com\/@pt\/115533569266888138","error":""},"_links":{"self":[{"href":"https:\/\/www.europesays.com\/pt\/wp-json\/wp\/v2\/posts\/148639","targetHints":{"allow":["GET"]}}],"collection":[{"href":"https:\/\/www.europesays.com\/pt\/wp-json\/wp\/v2\/posts"}],"about":[{"href":"https:\/\/www.europesays.com\/pt\/wp-json\/wp\/v2\/types\/post"}],"author":[{"embeddable":true,"href":"https:\/\/www.europesays.com\/pt\/wp-json\/wp\/v2\/users\/2"}],"replies":[{"embeddable":true,"href":"https:\/\/www.europesays.com\/pt\/wp-json\/wp\/v2\/comments?post=148639"}],"version-history":[{"count":0,"href":"https:\/\/www.europesays.com\/pt\/wp-json\/wp\/v2\/posts\/148639\/revisions"}],"wp:featuredmedia":[{"embeddable":true,"href":"https:\/\/www.europesays.com\/pt\/wp-json\/wp\/v2\/media\/148640"}],"wp:attachment":[{"href":"https:\/\/www.europesays.com\/pt\/wp-json\/wp\/v2\/media?parent=148639"}],"wp:term":[{"taxonomy":"category","embeddable":true,"href":"https:\/\/www.europesays.com\/pt\/wp-json\/wp\/v2\/categories?post=148639"},{"taxonomy":"post_tag","embeddable":true,"href":"https:\/\/www.europesays.com\/pt\/wp-json\/wp\/v2\/tags?post=148639"}],"curies":[{"name":"wp","href":"https:\/\/api.w.org\/{rel}","templated":true}]}}