{"id":148680,"date":"2025-11-11T23:41:23","date_gmt":"2025-11-11T23:41:23","guid":{"rendered":"https:\/\/www.europesays.com\/pt\/148680\/"},"modified":"2025-11-11T23:41:23","modified_gmt":"2025-11-11T23:41:23","slug":"emocionante-o-momento-de-marisa-e-pedro-que-levou-esta-cara-da-tvi-as-lagrimas-secret-story","status":"publish","type":"post","link":"https:\/\/www.europesays.com\/pt\/148680\/","title":{"rendered":"Emocionante: O momento de Marisa e Pedro que levou esta cara da TVI \u00e0s l\u00e1grimas &#8211; Secret Story"},"content":{"rendered":"<p style=\"margin-bottom:11px\"><strong>Marisa e Pedro dan\u00e7aram bem agarradinhos ao som de uma m\u00fasica especial, <\/strong>na manh\u00e3 da Gala deste domingo, dia 9 de novembro. Ao ver as imagens, exibidas no \u00daltima Hora desta segunda-feira, <a href=\"https:\/\/tvi.iol.pt\/secretstory\/search?pagina=1&amp;pesquisa=isabel+figueira\" rel=\"nofollow noopener\" target=\"_blank\">Isabel Figueira <\/a><strong>n\u00e3o conseguiu conter as l\u00e1grimas<\/strong>.<\/p>\n<p>Enquanto ouvia a primeira can\u00e7\u00e3o,<strong> <\/strong><a href=\"https:\/\/tvi.iol.pt\/secretstory\/search?pagina=1&amp;pesquisa=marisa+e%20pedro\" rel=\"nofollow noopener\" target=\"_blank\">o casal n\u00e3o escondeu a emo\u00e7\u00e3o,<\/a> agarrados num abra\u00e7o profundo. A m\u00fasica que se seguiu, \u00e9 de grande emo\u00e7\u00e3o para os dois e bastaram alguns segundos para <strong>Marisa se desfazer em l\u00e1grimas<\/strong>. Pedro voltou a abra\u00e7ar Marisa, enquanto a concorrente desabafava sobre o motivo que a emocionava: \u00abLembra-me dos nossos filhos. Podem estar a precisar de n\u00f3s e n\u00f3s estamos aqui, mas estamos aqui por eles. E sinto-me t\u00e3o longe deles\u00bb, confessou.<\/p>\n<p>Em est\u00fadio, <a href=\"https:\/\/tvi.iol.pt\/secretstory\/search?pagina=1&amp;pesquisa=isabel+figueira\" rel=\"nofollow noopener\" target=\"_blank\">Isabel Figueira<\/a> <b>ficou extremamente comovida. Depois de desafiada por Nuno Eir\u00f3, a comentadora justificou a emo\u00e7\u00e3o<\/b>: \u00ab\u00c9 o que d\u00e1 ser uma pessoa emocional e sentimental (\u2026) mas vejo estas imagens e vejo este casal e \u00e9 assim que os gosto de ver e pronto, olha, emocionei-me.\u00bb<\/p>\n<p><strong>Veja o momento completo:<\/strong><\/p>\n","protected":false},"excerpt":{"rendered":"Marisa e Pedro dan\u00e7aram bem agarradinhos ao som de uma m\u00fasica especial, na manh\u00e3 da Gala deste domingo,&hellip;\n","protected":false},"author":2,"featured_media":148681,"comment_status":"","ping_status":"","sticky":false,"template":"","format":"standard","meta":{"footnotes":""},"categories":[142],"tags":[8113,2632,329,333,328,335,336,114,115,334,330,23132,1326,338,19184,19019,13,14646,32,33,1315,8174,151,162,19020,227],"class_list":{"0":"post-148680","1":"post","2":"type-post","3":"status-publish","4":"format-standard","5":"has-post-thumbnail","7":"category-tv","8":"tag-alice-alves","9":"tag-casa-dos-segredos","10":"tag-claudio-ramos","11":"tag-comentadores","12":"tag-concorrentes","13":"tag-confrontos","14":"tag-discussoes","15":"tag-entertainment","16":"tag-entretenimento","17":"tag-exclusivos","18":"tag-gala","19":"tag-isabel-figueira","20":"tag-mafalda-castro","21":"tag-maria-botelho-moniz","22":"tag-marisa","23":"tag-marta-cardoso","24":"tag-noticias","25":"tag-pedro","26":"tag-portugal","27":"tag-pt","28":"tag-secret-story","29":"tag-segredos","30":"tag-tv","31":"tag-tvi","32":"tag-video-do-dia","33":"tag-videos"},"share_on_mastodon":{"url":"https:\/\/pubeurope.com\/@pt\/115533714734820566","error":""},"_links":{"self":[{"href":"https:\/\/www.europesays.com\/pt\/wp-json\/wp\/v2\/posts\/148680","targetHints":{"allow":["GET"]}}],"collection":[{"href":"https:\/\/www.europesays.com\/pt\/wp-json\/wp\/v2\/posts"}],"about":[{"href":"https:\/\/www.europesays.com\/pt\/wp-json\/wp\/v2\/types\/post"}],"author":[{"embeddable":true,"href":"https:\/\/www.europesays.com\/pt\/wp-json\/wp\/v2\/users\/2"}],"replies":[{"embeddable":true,"href":"https:\/\/www.europesays.com\/pt\/wp-json\/wp\/v2\/comments?post=148680"}],"version-history":[{"count":0,"href":"https:\/\/www.europesays.com\/pt\/wp-json\/wp\/v2\/posts\/148680\/revisions"}],"wp:featuredmedia":[{"embeddable":true,"href":"https:\/\/www.europesays.com\/pt\/wp-json\/wp\/v2\/media\/148681"}],"wp:attachment":[{"href":"https:\/\/www.europesays.com\/pt\/wp-json\/wp\/v2\/media?parent=148680"}],"wp:term":[{"taxonomy":"category","embeddable":true,"href":"https:\/\/www.europesays.com\/pt\/wp-json\/wp\/v2\/categories?post=148680"},{"taxonomy":"post_tag","embeddable":true,"href":"https:\/\/www.europesays.com\/pt\/wp-json\/wp\/v2\/tags?post=148680"}],"curies":[{"name":"wp","href":"https:\/\/api.w.org\/{rel}","templated":true}]}}