{"id":148724,"date":"2025-11-12T00:26:09","date_gmt":"2025-11-12T00:26:09","guid":{"rendered":"https:\/\/www.europesays.com\/pt\/148724\/"},"modified":"2025-11-12T00:26:09","modified_gmt":"2025-11-12T00:26:09","slug":"parte-3-anuncia-encerramento-das-filmagens","status":"publish","type":"post","link":"https:\/\/www.europesays.com\/pt\/148724\/","title":{"rendered":"Parte 3 anuncia encerramento das filmagens"},"content":{"rendered":"<p>  <img decoding=\"async\" src=\"https:\/\/cdn.ome.lt\/static\/omelete\/img\/loading.svg\" alt=\"\"\/><\/p>\n<p>  <img decoding=\"async\" class=\"article__cover__image\" data-lazy-src-mob=\"\/\/cdn.ome.lt\/lbZKhgNYa7iTZMVF8cg30jc5QPw=\/570x0\/smart\/filters:format(webp)\/uploads\/conteudo\/fotos\/duna-warner-vanity_fair-capa.jpg\" data-lazy-src=\"https:\/\/cdn.ome.lt\/b3AqkZvClVKMjj7fnmbOIjCk9W8=\/987x0\/smart\/filters:format(webp)\/uploads\/conteudo\/fotos\/duna-warner-vanity_fair-capa.jpg\" src=\"data:image\/png;base64,iVBORw0KGgoAAAANSUhEUgAAAAEAAAABCAQAAAC1HAwCAAAAC0lEQVR42mNkYAAAAAYAAjCB0C8AAAAASUVORK5CYII=\" alt=\"Duna\" title=\"Duna\" width=\"987\" height=\"555\" fetchpriority=\"high\"\/><\/p>\n<p class=\"article__cover__credits\">\n  Cr\u00e9ditos da imagem:<br \/>\n  Reprodu\u00e7\u00e3o\n<\/p>\n<p>Foi anunciado nesta ter\u00e7a-feira (11) que\u00a0<strong>Duna: Parte 3\u00a0<\/strong>encerrou as filmagens do longa, que vai estrear em 18 de dezembro de 2026.\u00a0<\/p>\n<p>Agora, o longa contar\u00e1 com 13 meses de p\u00f3s-produ\u00e7\u00e3o at\u00e9 o lan\u00e7amento da sequ\u00eancia, que contar\u00e1 com o retorno de\u00a0<strong>Timoth\u00e9e Chalamet<\/strong>,\u00a0<strong>Zendaya<\/strong>,\u00a0<strong>Rebecca Ferguson<\/strong>,\u00a0<strong>Anya<\/strong> <strong>Taylor-Joy<\/strong>, <strong>Florence<\/strong> <strong>Pugh<\/strong><strong>, Jason Momoa\u00a0<\/strong>e a chegada de\u00a0<strong>Robert Pattinson<\/strong>.\u00a0<\/p>\n<p>            Continua depois da Publicidade<\/p>\n<p>    Tudo sobre Duna<\/p>\n<p>Com filmes dirigidos por\u00a0Denis Villeneuve\u00a0(Sicario, A Chegada), a franquia\u00a0Duna\u00a0conta com\u00a0Timoth\u00e9e Chalamet\u00a0(Wonka),\u00a0Oscar Isaac\u00a0(Ex_Machina),\u00a0Rebecca Ferguson\u00a0(Miss\u00e3o: Imposs\u00edvel &#8211; Efeito Fallout),\u00a0Zendaya\u00a0(Euphoria),\u00a0Javier Bardem\u00a0(Skyfall),\u00a0Josh Brolin\u00a0(Vingadores: Guerra Infinita),\u00a0Dave Bautista\u00a0(Blade Runner 2049) e\u00a0Stellan Skarsgard\u00a0(Chernobyl) no elenco. Os filmes contam a \u00e9pica saga espacial da fam\u00edia Atreides, que no come\u00e7o de\u00a0Duna: Parte 1\u00a0vai para o cruel planeta Arrakis, um mundo coberto de areia de onde todo o imp\u00e9rio gal\u00e1tico tira o produto mais valioso do universo: a especiaria Melange, usada para fins que v\u00e3o de droga recreacional a viagem interestelar.<\/p>\n<p>A\u00a0Parte 2\u00a0continua a saga da fam\u00edlia Atreides em busca de sobreviv\u00eancia no cruel planeta de Arrakis. Na continua\u00e7\u00e3o, Paul Atreides (Chalamet) vive no meio da tribo dos Fremen, os nativos de Arrakis, e desenvolve suas habilidades de clarivid\u00eancia enquanto se relaciona cada vez mais com Chani (Zendaya). Enquanto isso, eles buscam vingan\u00e7a contra o Imperador e a casa Harkonenn, que juntos aplicaram o golpe de estado contra os Atreides.\u00a0Christopher Walken\u00a0(O Franco Atirador),\u00a0Florence Pugh\u00a0(Vi\u00fava Negra),\u00a0L\u00e9a Seydoux\u00a0(007 &#8211; Sem Tempo Para Morrer),\u00a0Austin Butler\u00a0(Elvis de Baz Luhrmann),\u00a0Souheila Yacoub\u00a0(The Graves) e\u00a0Anya Taylor-Joy\u00a0(O Gambito da Rainha) se juntaram ao elenco na continua\u00e7\u00e3o.<\/p>\n<p>            Continua depois da Publicidade<\/p>\n<p data-gtm-vis-first-on-screen67967661_30=\"229338\" data-gtm-vis-has-fired67967661_30=\"1\" data-gtm-vis-total-visible-time67967661_30=\"100\">Os dois filmes de\u00a0Duna est\u00e3o dispon\u00edveis para streaming no cat\u00e1logo da\u00a0Max. A terceira parte chega aos cinemas em dezembro de 2026.<\/p>\n","protected":false},"excerpt":{"rendered":"Cr\u00e9ditos da imagem: Reprodu\u00e7\u00e3o Foi anunciado nesta ter\u00e7a-feira (11) que\u00a0Duna: Parte 3\u00a0encerrou as filmagens do longa, que vai&hellip;\n","protected":false},"author":2,"featured_media":148725,"comment_status":"","ping_status":"","sticky":false,"template":"","format":"standard","meta":{"footnotes":""},"categories":[140],"tags":[114,115,147,148,146,32,33],"class_list":{"0":"post-148724","1":"post","2":"type-post","3":"status-publish","4":"format-standard","5":"has-post-thumbnail","7":"category-filmes","8":"tag-entertainment","9":"tag-entretenimento","10":"tag-film","11":"tag-filmes","12":"tag-movies","13":"tag-portugal","14":"tag-pt"},"share_on_mastodon":{"url":"https:\/\/pubeurope.com\/@pt\/115533891764956249","error":""},"_links":{"self":[{"href":"https:\/\/www.europesays.com\/pt\/wp-json\/wp\/v2\/posts\/148724","targetHints":{"allow":["GET"]}}],"collection":[{"href":"https:\/\/www.europesays.com\/pt\/wp-json\/wp\/v2\/posts"}],"about":[{"href":"https:\/\/www.europesays.com\/pt\/wp-json\/wp\/v2\/types\/post"}],"author":[{"embeddable":true,"href":"https:\/\/www.europesays.com\/pt\/wp-json\/wp\/v2\/users\/2"}],"replies":[{"embeddable":true,"href":"https:\/\/www.europesays.com\/pt\/wp-json\/wp\/v2\/comments?post=148724"}],"version-history":[{"count":0,"href":"https:\/\/www.europesays.com\/pt\/wp-json\/wp\/v2\/posts\/148724\/revisions"}],"wp:featuredmedia":[{"embeddable":true,"href":"https:\/\/www.europesays.com\/pt\/wp-json\/wp\/v2\/media\/148725"}],"wp:attachment":[{"href":"https:\/\/www.europesays.com\/pt\/wp-json\/wp\/v2\/media?parent=148724"}],"wp:term":[{"taxonomy":"category","embeddable":true,"href":"https:\/\/www.europesays.com\/pt\/wp-json\/wp\/v2\/categories?post=148724"},{"taxonomy":"post_tag","embeddable":true,"href":"https:\/\/www.europesays.com\/pt\/wp-json\/wp\/v2\/tags?post=148724"}],"curies":[{"name":"wp","href":"https:\/\/api.w.org\/{rel}","templated":true}]}}