{"id":148726,"date":"2025-11-12T00:27:07","date_gmt":"2025-11-12T00:27:07","guid":{"rendered":"https:\/\/www.europesays.com\/pt\/148726\/"},"modified":"2025-11-12T00:27:07","modified_gmt":"2025-11-12T00:27:07","slug":"diogo-costa-noutro-patamar-e-dois-nomes-a-ter-em-conta-os-melhores-guarda-redes-da-liga","status":"publish","type":"post","link":"https:\/\/www.europesays.com\/pt\/148726\/","title":{"rendered":"Diogo Costa noutro patamar e dois nomes a ter em conta: os melhores guarda-redes da Liga"},"content":{"rendered":"<p style=\"margin-bottom:11px\">Com um ter\u00e7o de campeonato j\u00e1 conclu\u00eddo, h\u00e1 v\u00e1rios jogadores a destacarem-se e o <strong>Maisfutebol <\/strong>vai reunir os melhores por posi\u00e7\u00e3o nos pr\u00f3ximos dias. E como uma equipa deve ser constru\u00edda de tr\u00e1s para a frente, come\u00e7amos pelos guarda-redes.<\/p>\n<p>\u00c9 f\u00e1cil de prever, at\u00e9 porque o FC Porto tem a defesa menos batida da Liga, que Diogo Costa est\u00e1 no topo da maioria dos rankings. No entanto, h\u00e1 v\u00e1rios par\u00e2metros que o nosso jornal avaliou, com ajuda do <a href=\"https:\/\/www.sofascore.com\/pt-pt\/\" target=\"_blank\" rel=\"nofollow noopener\"><strong>SofaScore<\/strong><\/a>, para perceber quais os guardi\u00f5es com melhor rendimento no campeonato portugu\u00eas \u2013 e n\u00e3o \u00e9 s\u00f3 o capit\u00e3o do FC Porto.<\/p>\n<p>Com apenas tr\u00eas golos sofridos neste campeonato, Diogo Costa tem a menor m\u00e9dia de golos encaixados por jogo (0.27), seguindo-se Lazar Carevic e Andrew, de Famalic\u00e3o e Gil Vicente, respetivamente. Estes s\u00e3o dois dos guarda-redes com maior protagonismo na Liga e que s\u00f3 sofreram cinco golos em 11 jornadas \u2013 menos at\u00e9 do que Rui Silva e Anatoliy Trubin.<\/p>\n<p> Andrew e Carevic s\u00e3o os \u00aboutsiders\u00bb&#8230; e o estranho caso de Samuel Soares <\/p>\n<p>Diogo Costa destaca-se tamb\u00e9m por ser o guarda-redes com mais \u00abclean sheets\u00bb esta temporada \u2013 n\u00e3o sofreu golos em oito jornadas. Mas Andrew e Carevic est\u00e3o logo atr\u00e1s, com sete jogos sem sofrer golos.<\/p>\n<p>O guarda-redes do Famalic\u00e3o, de resto, \u00e9 o \u00abinimigo\u00bb dos golos esperados. Carevic soma 4.87 golos evitados nestas 11 primeiras rondas do campeonato e Andrew est\u00e1 bem perto, com 4.08. O terceiro melhor \u00e9 Andr\u00e9 Ferreira, do Moreirense, que fica pelos 2.58.<\/p>\n<p>Neste cap\u00edtulo, h\u00e1 um guarda-redes que salta \u00e0 vista. Samuel Soares \u00e9 o habitual suplente de Trubin e s\u00f3 participou em dois jogos no campeonato, mas evitou 2.08 golos, ou seja, \u00e9 o quarto melhor neste par\u00e2metro.<\/p>\n<p>Apesar de ser o guardi\u00e3o com mais golos evitados, Carevic nem \u00e9 o que faz mais defesas. Bernardo Fontes, do Tondela, j\u00e1 acumulou 47, o m\u00e1ximo na Liga. Os beir\u00f5es ocupam a pen\u00faltima posi\u00e7\u00e3o do campeonato e este n\u00famero pressup\u00f5e que o brasileiro \u00e9 colocado mais vezes \u00e0 prova do que outros companheiros de posi\u00e7\u00e3o de outras equipas.<\/p>\n<p>Miszta, do Rio Ave, ocupa o segundo lugar, enquanto na terceira e quarta posi\u00e7\u00f5es est\u00e3o, mais uma vez, Carevic e Andrew, respetivamente.<\/p>\n<p> O rei dos pen\u00e1ltis e o empate entre Diogo Costa e Rui Silva <\/p>\n<p>O guarda-redes do Gil Vicente merece ainda outra refer\u00eancia, neste caso pela efici\u00eancia nos pen\u00e1ltis. Andrew defendeu dois de tr\u00eas pen\u00e1ltis e lidera esta estat\u00edstica.<\/p>\n<p>Passando para o \u00faltimo t\u00f3pico de an\u00e1lise e porque o papel do guarda-redes j\u00e1 n\u00e3o se limita \u00e0 defesa da baliza, Diogo Costa tamb\u00e9m lidera no que toca ao jogo de p\u00e9s, mas aqui tem a companhia de Rui Silva. Os guarda-redes de FC Porto e Sporting registam uma precis\u00e3o de 48 por cento nas bolas longas.<\/p>\n<p>O campeonato \u00e9 longo e ainda faltam dois ter\u00e7os para o final, embora j\u00e1 se possam tirar conclus\u00f5es para antecipar o seu desfecho. Percorra a galeria associada e <a href=\"https:\/\/maisfutebol.iol.pt\/fotogaleria\/6913b3f1d34e2bd5c6d3e619\/os-melhores-guarda-redes-da-liga-em-2025-26\" target=\"_blank\" rel=\"nofollow noopener\"><strong>confira quem s\u00e3o os guarda-redes que se est\u00e3o a destacar em diferentes par\u00e2metros<\/strong><\/a>.<\/p>\n","protected":false},"excerpt":{"rendered":"Com um ter\u00e7o de campeonato j\u00e1 conclu\u00eddo, h\u00e1 v\u00e1rios jogadores a destacarem-se e o Maisfutebol vai reunir os&hellip;\n","protected":false},"author":2,"featured_media":148727,"comment_status":"","ping_status":"","sticky":false,"template":"","format":"standard","meta":{"footnotes":""},"categories":[87],"tags":[17550,51,135,1380,5879,282,9112,1189,17549,36,46,32,33,47,34,134],"class_list":{"0":"post-148726","1":"post","2":"type-post","3":"status-publish","4":"format-standard","5":"has-post-thumbnail","7":"category-desporto","8":"tag-andrew","9":"tag-benfica","10":"tag-desporto","11":"tag-diogo-costa","12":"tag-famalicao","13":"tag-fc-porto","14":"tag-gil-vicente","15":"tag-guarda-redes","16":"tag-lazar-carevic","17":"tag-liga","18":"tag-maisfutebol","19":"tag-portugal","20":"tag-pt","21":"tag-pura-paixao","22":"tag-sporting","23":"tag-sports"},"share_on_mastodon":{"url":"https:\/\/pubeurope.com\/@pt\/115533895616582986","error":""},"_links":{"self":[{"href":"https:\/\/www.europesays.com\/pt\/wp-json\/wp\/v2\/posts\/148726","targetHints":{"allow":["GET"]}}],"collection":[{"href":"https:\/\/www.europesays.com\/pt\/wp-json\/wp\/v2\/posts"}],"about":[{"href":"https:\/\/www.europesays.com\/pt\/wp-json\/wp\/v2\/types\/post"}],"author":[{"embeddable":true,"href":"https:\/\/www.europesays.com\/pt\/wp-json\/wp\/v2\/users\/2"}],"replies":[{"embeddable":true,"href":"https:\/\/www.europesays.com\/pt\/wp-json\/wp\/v2\/comments?post=148726"}],"version-history":[{"count":0,"href":"https:\/\/www.europesays.com\/pt\/wp-json\/wp\/v2\/posts\/148726\/revisions"}],"wp:featuredmedia":[{"embeddable":true,"href":"https:\/\/www.europesays.com\/pt\/wp-json\/wp\/v2\/media\/148727"}],"wp:attachment":[{"href":"https:\/\/www.europesays.com\/pt\/wp-json\/wp\/v2\/media?parent=148726"}],"wp:term":[{"taxonomy":"category","embeddable":true,"href":"https:\/\/www.europesays.com\/pt\/wp-json\/wp\/v2\/categories?post=148726"},{"taxonomy":"post_tag","embeddable":true,"href":"https:\/\/www.europesays.com\/pt\/wp-json\/wp\/v2\/tags?post=148726"}],"curies":[{"name":"wp","href":"https:\/\/api.w.org\/{rel}","templated":true}]}}